{"id":38341,"date":"2016-07-11T10:23:37","date_gmt":"2016-07-11T15:23:37","guid":{"rendered":"http:\/\/lamendigapolitica.com\/blog\/?p=38341"},"modified":"2016-07-11T10:23:37","modified_gmt":"2016-07-11T15:23:37","slug":"corea-del-norte-corta-comunicacion-con-eu-y-amenaza-con-ataque","status":"publish","type":"post","link":"https:\/\/lamendigapolitica.com\/?p=38341","title":{"rendered":"Corea del Norte corta comunicaci\u00f3n con EU y amenaza con ataque"},"content":{"rendered":"<p><a href=\"https:\/\/lamendigapolitica.com\/blog\/blog\/wp-content\/uploads\/2016\/07\/corea.jpg\" rel=\"attachment wp-att-38342\"><img loading=\"lazy\" decoding=\"async\" class=\"aligncenter  wp-image-38342\" src=\"https:\/\/lamendigapolitica.com\/blog\/blog\/wp-content\/uploads\/2016\/07\/corea.jpg\" alt=\"corea\" width=\"332\" height=\"186\" \/><\/a><\/p>\n<p>&nbsp;<\/p>\n<p>Corea del Norte cerr\u00f3 su canal de comunicaci\u00f3n con Estados Unidos en protesta por las \u00faltimas sanciones de Washington contra el l\u00edder Kim Jong Un, referidas a la violaci\u00f3n a los derechos humanos. El r\u00e9gimen de Pyongyang notific\u00f3 a la Casa Blanca que cerrar\u00e1 su canal diplom\u00e1tico en Nueva York como parte de sus medidas \u00abpr\u00e1cticas\u00bb adoptadas en respuesta a las sanciones contra Kim, de acuerdo con la agencia central de noticias coreana (KCNA).<\/p>\n<p>&nbsp;<\/p>\n<p>Estados Unidos incluy\u00f3 el mi\u00e9rcoles pasado a Kim en la lista negra del Departamento del Tesoro tras un informe que lo responsabiliza de graves violaciones de los derechos humanos en Corea del Norte. Washington no tiene relaciones diplom\u00e1ticas con Pyongyang, pero la misi\u00f3n de Corea del Norte ante las Naciones Unidas, conocido como el \u00abcanal de Nueva York\u00bb, se ha utilizado como el principal conducto de comunicaci\u00f3n entre las dos naciones.<\/p>\n<p>&nbsp;<\/p>\n<p>Pyongyang, en su primera reacci\u00f3n a las sanciones, inst\u00f3 el jueves pasado a Washington a suprimirlas inmediatamente, y advirti\u00f3 que Corea del Norte iba a interrumpir todas las v\u00edas diplom\u00e1ticas si no lo hac\u00eda. Estados Unidos se atrevi\u00f3 a desafiar a nuestra m\u00e1xima autoridad, cometiendo el acto m\u00e1s hostil, que va m\u00e1s all\u00e1 de la confrontaci\u00f3n por el supuesto tema de los derechos humanos. Esto constituye una abierta declaraci\u00f3n de guerra\u00bb, advert\u00eda el comunicado.<\/p>\n<p>&nbsp;<\/p>\n<p>La agencia estatal KCNA tambi\u00e9n dijo que Corea del Norte tomar\u00e1 medidas sobre los estadunidenses detenidos en el pa\u00eds comunista. Pyongyang tiene retenidos a dos ciudadanos estadunidenses, Kim Dong-Chul, de 62 a\u00f1os de edad, de origen coreano y Otto Warmbier, un estudiante universitario. Ambos han sido condenados a varios a\u00f1os de trabajos forzados Corea del Norte notific\u00f3 a Estados Unidos que deber\u00e1 asumir la responsabilidad de los acontecimientos desastrosos que podr\u00edan tener lugar\u00bb, inform\u00f3 KCNA<\/p>\n","protected":false},"excerpt":{"rendered":"<p>&nbsp; Corea del Norte cerr\u00f3 su canal de comunicaci\u00f3n con Estados Unidos en protesta por las \u00faltimas sanciones de Washington contra el l\u00edder Kim Jong Un, referidas a la violaci\u00f3n a los derechos humanos. El r\u00e9gimen de Pyongyang notific\u00f3 a la Casa Blanca que cerrar\u00e1 su canal diplom\u00e1tico en Nueva York como parte de sus &hellip; <\/p>\n<p><a class=\"more-link btn\" href=\"https:\/\/lamendigapolitica.com\/?p=38341\">Seguir leyendo<\/a><\/p>\n","protected":false},"author":1,"featured_media":0,"comment_status":"open","ping_status":"closed","sticky":false,"template":"","format":"standard","meta":{"footnotes":""},"categories":[20,31,3,27],"tags":[],"class_list":["post-38341","post","type-post","status-publish","format-standard","hentry","category-gobierno","category-internacional","category-politica","category-seguridad","item-wrap"],"_links":{"self":[{"href":"https:\/\/lamendigapolitica.com\/index.php?rest_route=\/wp\/v2\/posts\/38341","targetHints":{"allow":["GET"]}}],"collection":[{"href":"https:\/\/lamendigapolitica.com\/index.php?rest_route=\/wp\/v2\/posts"}],"about":[{"href":"https:\/\/lamendigapolitica.com\/index.php?rest_route=\/wp\/v2\/types\/post"}],"author":[{"embeddable":true,"href":"https:\/\/lamendigapolitica.com\/index.php?rest_route=\/wp\/v2\/users\/1"}],"replies":[{"embeddable":true,"href":"https:\/\/lamendigapolitica.com\/index.php?rest_route=%2Fwp%2Fv2%2Fcomments&post=38341"}],"version-history":[{"count":1,"href":"https:\/\/lamendigapolitica.com\/index.php?rest_route=\/wp\/v2\/posts\/38341\/revisions"}],"predecessor-version":[{"id":38343,"href":"https:\/\/lamendigapolitica.com\/index.php?rest_route=\/wp\/v2\/posts\/38341\/revisions\/38343"}],"wp:attachment":[{"href":"https:\/\/lamendigapolitica.com\/index.php?rest_route=%2Fwp%2Fv2%2Fmedia&parent=38341"}],"wp:term":[{"taxonomy":"category","embeddable":true,"href":"https:\/\/lamendigapolitica.com\/index.php?rest_route=%2Fwp%2Fv2%2Fcategories&post=38341"},{"taxonomy":"post_tag","embeddable":true,"href":"https:\/\/lamendigapolitica.com\/index.php?rest_route=%2Fwp%2Fv2%2Ftags&post=38341"}],"curies":[{"name":"wp","href":"https:\/\/api.w.org\/{rel}","templated":true}]}}