{"id":38330,"date":"2016-07-11T09:40:56","date_gmt":"2016-07-11T14:40:56","guid":{"rendered":"http:\/\/lamendigapolitica.com\/blog\/?p=38330"},"modified":"2016-07-11T09:40:56","modified_gmt":"2016-07-11T14:40:56","slug":"propone-zambrano-mecanismos-de-solucion-a-conflicto-docente","status":"publish","type":"post","link":"https:\/\/lamendigapolitica.com\/?p=38330","title":{"rendered":"Propone Zambrano mecanismos de soluci\u00f3n a conflicto docente"},"content":{"rendered":"<p><a href=\"https:\/\/lamendigapolitica.com\/blog\/blog\/wp-content\/uploads\/2016\/07\/Jes\u00fas-Zambrano-Grijalva.jpg\" rel=\"attachment wp-att-38331\"><img loading=\"lazy\" decoding=\"async\" class=\"aligncenter  wp-image-38331\" src=\"https:\/\/lamendigapolitica.com\/blog\/blog\/wp-content\/uploads\/2016\/07\/Jes\u00fas-Zambrano-Grijalva.jpg\" alt=\"Jes\u00fas Zambrano Grijalva\" width=\"366\" height=\"212\" \/><\/a><\/p>\n<p>&nbsp;<\/p>\n<p>El presidente de la C\u00e1mara de Diputados, Jes\u00fas Zambrano Grijalva (PRD), propuso que la Coordinadora Nacional de Trabajadores de la Educaci\u00f3n (CNTE) presente una iniciativa ciudadana ante el Congreso de la Uni\u00f3n para modificar la reforma educativa, con base en su diagn\u00f3stico de inaplicable mecanismo para tratar el tema en el siguiente periodo ordinario de sesiones, que se inicia en septiembre, dando de esta forma una salida al conflicto docente.<\/p>\n<p>&nbsp;<\/p>\n<p>\u201cHay que respetar los derechos laborales del magisterio -sin presiones, con premisas falsas o abusos de autoridad- dar prioridad al inter\u00e9s general para el mejoramiento de la educaci\u00f3n p\u00fablica, cuya rector\u00eda recae en el Estado, adem\u00e1s de separar la pol\u00edtica educativa de intenciones electoreras\u201d, precis\u00f3. El derecho de iniciativa ciudadana est\u00e1 en el art\u00edculo 71, fracci\u00f3n IV del Pacto Federal, y el tr\u00e1mite parlamentario de este tipo de iniciativas es considerado dentro de los art\u00edculos 132 y 133 de la Ley Org\u00e1nica del Congreso General.<\/p>\n<p>&nbsp;<\/p>\n<p>Dijo que si se revisa la reforma educativa, debe ser para perfeccionarla, y \u201cas\u00ed salir de ese lugar deplorable\u201d que hoy tenemos en el contexto mundial. \u201cTodo es revisable, perfectible. Vamos revisando qu\u00e9 no funciona; pero la reforma educativa es necesaria\u201d, coment\u00f3, \u00a0asegur\u00f3 que la C\u00e1mara de Diputados estar\u00e1 dispuesta a recibir las propuestas que, en su caso, efect\u00fae la CNTE y reiter\u00f3 su llamado a un Acuerdo Nacional para el Modelo Educativo, donde no solamente sean incorporadas las organizaciones sindicales del magisterio nacional y las autoridades federales, sino que tambi\u00e9n participen organizaciones de la sociedad civil que luchan por elevar la calidad de la educaci\u00f3n en M\u00e9xico.<\/p>\n<p>&nbsp;<\/p>\n<p>\u201cTenemos que trabajar en un clima de distensi\u00f3n y conciliaci\u00f3n -como aclarar los sucesos en Nochixtl\u00e1n y fincar responsabilidades- para que la educaci\u00f3n mantenga su car\u00e1cter de laica, p\u00fablica y gratuita\u201c, expres\u00f3. Zambrano Grijalva refiri\u00f3 que tambi\u00e9n hay que revisar si se cumple con factores vinculados a la multiculturalidad de M\u00e9xico, y atender conforme a sus condiciones a entidades que concentran a m\u00e1s de seis millones de hablantes de lenguas ind\u00edgenas que, a su vez, se caracterizan por un amplio rezago a nivel nacional como son Chiapas, Oaxaca, Veracruz, Puebla, Yucat\u00e1n y Guerrero.<\/p>\n","protected":false},"excerpt":{"rendered":"<p>&nbsp; El presidente de la C\u00e1mara de Diputados, Jes\u00fas Zambrano Grijalva (PRD), propuso que la Coordinadora Nacional de Trabajadores de la Educaci\u00f3n (CNTE) presente una iniciativa ciudadana ante el Congreso de la Uni\u00f3n para modificar la reforma educativa, con base en su diagn\u00f3stico de inaplicable mecanismo para tratar el tema en el siguiente periodo ordinario &hellip; <\/p>\n<p><a class=\"more-link btn\" href=\"https:\/\/lamendigapolitica.com\/?p=38330\">Seguir leyendo<\/a><\/p>\n","protected":false},"author":1,"featured_media":0,"comment_status":"open","ping_status":"closed","sticky":false,"template":"","format":"standard","meta":{"footnotes":""},"categories":[6,28,20,5,3],"tags":[],"class_list":["post-38330","post","type-post","status-publish","format-standard","hentry","category-congreso","category-educacion","category-gobierno","category-partidos","category-politica","item-wrap"],"_links":{"self":[{"href":"https:\/\/lamendigapolitica.com\/index.php?rest_route=\/wp\/v2\/posts\/38330","targetHints":{"allow":["GET"]}}],"collection":[{"href":"https:\/\/lamendigapolitica.com\/index.php?rest_route=\/wp\/v2\/posts"}],"about":[{"href":"https:\/\/lamendigapolitica.com\/index.php?rest_route=\/wp\/v2\/types\/post"}],"author":[{"embeddable":true,"href":"https:\/\/lamendigapolitica.com\/index.php?rest_route=\/wp\/v2\/users\/1"}],"replies":[{"embeddable":true,"href":"https:\/\/lamendigapolitica.com\/index.php?rest_route=%2Fwp%2Fv2%2Fcomments&post=38330"}],"version-history":[{"count":1,"href":"https:\/\/lamendigapolitica.com\/index.php?rest_route=\/wp\/v2\/posts\/38330\/revisions"}],"predecessor-version":[{"id":38332,"href":"https:\/\/lamendigapolitica.com\/index.php?rest_route=\/wp\/v2\/posts\/38330\/revisions\/38332"}],"wp:attachment":[{"href":"https:\/\/lamendigapolitica.com\/index.php?rest_route=%2Fwp%2Fv2%2Fmedia&parent=38330"}],"wp:term":[{"taxonomy":"category","embeddable":true,"href":"https:\/\/lamendigapolitica.com\/index.php?rest_route=%2Fwp%2Fv2%2Fcategories&post=38330"},{"taxonomy":"post_tag","embeddable":true,"href":"https:\/\/lamendigapolitica.com\/index.php?rest_route=%2Fwp%2Fv2%2Ftags&post=38330"}],"curies":[{"name":"wp","href":"https:\/\/api.w.org\/{rel}","templated":true}]}}