{"id":38323,"date":"2016-07-10T19:10:07","date_gmt":"2016-07-11T00:10:07","guid":{"rendered":"http:\/\/lamendigapolitica.com\/blog\/?p=38323"},"modified":"2016-07-10T19:10:07","modified_gmt":"2016-07-11T00:10:07","slug":"concluye-ezln-la-entrega-de-viveres-a-maestros-en-chiapas","status":"publish","type":"post","link":"https:\/\/lamendigapolitica.com\/?p=38323","title":{"rendered":"Concluye EZLN la entrega de v\u00edveres a maestros en Chiapas"},"content":{"rendered":"<p><a href=\"https:\/\/lamendigapolitica.com\/blog\/blog\/wp-content\/uploads\/2016\/07\/ezln.jpg\" rel=\"attachment wp-att-38324\"><img loading=\"lazy\" decoding=\"async\" class=\"aligncenter  wp-image-38324\" src=\"https:\/\/lamendigapolitica.com\/blog\/blog\/wp-content\/uploads\/2016\/07\/ezln.jpg\" alt=\"ezln\" width=\"358\" height=\"220\" \/><\/a><\/p>\n<p>&nbsp;<\/p>\n<p>&nbsp;<\/p>\n<p>El Ej\u00e9rcito Zapatista de Liberaci\u00f3n Nacional EZLN, concluy\u00f3 la entrega de 10 toneladas de v\u00edveres a maestros que desde 60 d\u00edas mantienen un plant\u00f3n por tiempo indefinido en la plaza central de Tuxtla Guti\u00e9rrez. En la v\u00edspera reparti\u00f3 v\u00edveres en Palenque, San Crist\u00f3bal y Comit\u00e1n.<\/p>\n<p>&nbsp;<\/p>\n<p>La comisi\u00f3n del EZLN arrib\u00f3 al parque central a bordo de cinco veh\u00edculos, donde transportaron de la comunidad de Morelia: jab\u00f3n, tostadas, frijol, ma\u00edz, arroz, sal, az\u00facar, caf\u00e9, productos org\u00e1nicos producidos por las bases de apoyo.<\/p>\n<p>&nbsp;<\/p>\n<p>En un comunicado el EZLN afirm\u00f3 que los productos donados no les sobran a las comunidades, los necesitan; sin embargo es una aportaci\u00f3n de las comunidades ind\u00edgenas.<\/p>\n","protected":false},"excerpt":{"rendered":"<p>&nbsp; &nbsp; El Ej\u00e9rcito Zapatista de Liberaci\u00f3n Nacional EZLN, concluy\u00f3 la entrega de 10 toneladas de v\u00edveres a maestros que desde 60 d\u00edas mantienen un plant\u00f3n por tiempo indefinido en la plaza central de Tuxtla Guti\u00e9rrez. En la v\u00edspera reparti\u00f3 v\u00edveres en Palenque, San Crist\u00f3bal y Comit\u00e1n. &nbsp; La comisi\u00f3n del EZLN arrib\u00f3 al parque &hellip; <\/p>\n<p><a class=\"more-link btn\" href=\"https:\/\/lamendigapolitica.com\/?p=38323\">Seguir leyendo<\/a><\/p>\n","protected":false},"author":1,"featured_media":0,"comment_status":"open","ping_status":"closed","sticky":false,"template":"","format":"standard","meta":{"footnotes":""},"categories":[28,20,5,3,27,22],"tags":[],"class_list":["post-38323","post","type-post","status-publish","format-standard","hentry","category-educacion","category-gobierno","category-partidos","category-politica","category-seguridad","category-sociales","item-wrap"],"_links":{"self":[{"href":"https:\/\/lamendigapolitica.com\/index.php?rest_route=\/wp\/v2\/posts\/38323","targetHints":{"allow":["GET"]}}],"collection":[{"href":"https:\/\/lamendigapolitica.com\/index.php?rest_route=\/wp\/v2\/posts"}],"about":[{"href":"https:\/\/lamendigapolitica.com\/index.php?rest_route=\/wp\/v2\/types\/post"}],"author":[{"embeddable":true,"href":"https:\/\/lamendigapolitica.com\/index.php?rest_route=\/wp\/v2\/users\/1"}],"replies":[{"embeddable":true,"href":"https:\/\/lamendigapolitica.com\/index.php?rest_route=%2Fwp%2Fv2%2Fcomments&post=38323"}],"version-history":[{"count":1,"href":"https:\/\/lamendigapolitica.com\/index.php?rest_route=\/wp\/v2\/posts\/38323\/revisions"}],"predecessor-version":[{"id":38325,"href":"https:\/\/lamendigapolitica.com\/index.php?rest_route=\/wp\/v2\/posts\/38323\/revisions\/38325"}],"wp:attachment":[{"href":"https:\/\/lamendigapolitica.com\/index.php?rest_route=%2Fwp%2Fv2%2Fmedia&parent=38323"}],"wp:term":[{"taxonomy":"category","embeddable":true,"href":"https:\/\/lamendigapolitica.com\/index.php?rest_route=%2Fwp%2Fv2%2Fcategories&post=38323"},{"taxonomy":"post_tag","embeddable":true,"href":"https:\/\/lamendigapolitica.com\/index.php?rest_route=%2Fwp%2Fv2%2Ftags&post=38323"}],"curies":[{"name":"wp","href":"https:\/\/api.w.org\/{rel}","templated":true}]}}