{"id":38320,"date":"2016-07-10T19:08:53","date_gmt":"2016-07-11T00:08:53","guid":{"rendered":"http:\/\/lamendigapolitica.com\/blog\/?p=38320"},"modified":"2016-07-10T19:08:53","modified_gmt":"2016-07-11T00:08:53","slug":"cnte-marchara-a-los-pinos","status":"publish","type":"post","link":"https:\/\/lamendigapolitica.com\/?p=38320","title":{"rendered":"CNTE marchar\u00e1 a Los Pinos"},"content":{"rendered":"<p><a href=\"https:\/\/lamendigapolitica.com\/blog\/blog\/wp-content\/uploads\/2016\/07\/cnte-1.jpg\" rel=\"attachment wp-att-38321\"><img loading=\"lazy\" decoding=\"async\" class=\"aligncenter  wp-image-38321\" src=\"https:\/\/lamendigapolitica.com\/blog\/blog\/wp-content\/uploads\/2016\/07\/cnte-1.jpg\" alt=\"cnte\" width=\"359\" height=\"226\" \/><\/a><\/p>\n<p>&nbsp;<\/p>\n<p>La Coordinadora Nacional de Trabajadores de la Educaci\u00f3n (CNTE) difundi\u00f3 el plan de acci\u00f3n que realizar\u00e1 esta semana en la Ciudad de M\u00e9xico, que consiste en marchas y m\u00edtines en dependencias p\u00fablicas.<\/p>\n<p>&nbsp;<\/p>\n<p>El acuerdo de movilizaciones de la asamblea nacional representativa, celebrada este fin de semana, establece que la base docente de los estados integrados en la CNTE tambi\u00e9n deber\u00e1 de manifestarse con megamarchas, bloqueos carreteros o a\u00a0 v\u00edas f\u00e9rreas. La primera actividad masiva ser\u00e1 el lunes, 11 de junio, un mitin en la Procuradur\u00eda General de la Rep\u00fablica, en apoyo a los padres de los 43 normalistas de Ayotzinapa desaparecidos.\u00a0 Por la tarde, alrededor de las 16:00 horas realizar\u00e1n una marcha de los Pinos a la Secretar\u00eda de Gobernaci\u00f3n.<\/p>\n<p>&nbsp;<\/p>\n<p>El mi\u00e9rcoles 13, a las 10:00 horas, una megamarcha que partir\u00e1 del Palacio de\u00a0 Bellas Artes al Senado. Un d\u00eda despu\u00e9s, autoridades municipales, organizaciones sociales y\u00a0 padres de familia, simpatizantes de la causa de la secci\u00f3n 22 del SNTE-CNTE, partir\u00e1n en caravana de veh\u00edculos de la ciudad de Oaxaca a la capital del pa\u00eds, donde arribar\u00e1n el mi\u00e9rcoles,\u00a0 19 de julio.<\/p>\n<p>&nbsp;<\/p>\n<p>Finalmente,\u00a0 padres y madres de familia, que acompa\u00f1an a la CNTE, los d\u00edas 30 y 31 de julio se dar\u00e1n cita en el municipio de Asunci\u00f3n Nochixtl\u00e1n, en la regi\u00f3n Mixteca.<\/p>\n","protected":false},"excerpt":{"rendered":"<p>&nbsp; La Coordinadora Nacional de Trabajadores de la Educaci\u00f3n (CNTE) difundi\u00f3 el plan de acci\u00f3n que realizar\u00e1 esta semana en la Ciudad de M\u00e9xico, que consiste en marchas y m\u00edtines en dependencias p\u00fablicas. &nbsp; El acuerdo de movilizaciones de la asamblea nacional representativa, celebrada este fin de semana, establece que la base docente de los &hellip; <\/p>\n<p><a class=\"more-link btn\" href=\"https:\/\/lamendigapolitica.com\/?p=38320\">Seguir leyendo<\/a><\/p>\n","protected":false},"author":1,"featured_media":0,"comment_status":"open","ping_status":"closed","sticky":false,"template":"","format":"standard","meta":{"footnotes":""},"categories":[6,28,20,5,3],"tags":[],"class_list":["post-38320","post","type-post","status-publish","format-standard","hentry","category-congreso","category-educacion","category-gobierno","category-partidos","category-politica","item-wrap"],"_links":{"self":[{"href":"https:\/\/lamendigapolitica.com\/index.php?rest_route=\/wp\/v2\/posts\/38320","targetHints":{"allow":["GET"]}}],"collection":[{"href":"https:\/\/lamendigapolitica.com\/index.php?rest_route=\/wp\/v2\/posts"}],"about":[{"href":"https:\/\/lamendigapolitica.com\/index.php?rest_route=\/wp\/v2\/types\/post"}],"author":[{"embeddable":true,"href":"https:\/\/lamendigapolitica.com\/index.php?rest_route=\/wp\/v2\/users\/1"}],"replies":[{"embeddable":true,"href":"https:\/\/lamendigapolitica.com\/index.php?rest_route=%2Fwp%2Fv2%2Fcomments&post=38320"}],"version-history":[{"count":1,"href":"https:\/\/lamendigapolitica.com\/index.php?rest_route=\/wp\/v2\/posts\/38320\/revisions"}],"predecessor-version":[{"id":38322,"href":"https:\/\/lamendigapolitica.com\/index.php?rest_route=\/wp\/v2\/posts\/38320\/revisions\/38322"}],"wp:attachment":[{"href":"https:\/\/lamendigapolitica.com\/index.php?rest_route=%2Fwp%2Fv2%2Fmedia&parent=38320"}],"wp:term":[{"taxonomy":"category","embeddable":true,"href":"https:\/\/lamendigapolitica.com\/index.php?rest_route=%2Fwp%2Fv2%2Fcategories&post=38320"},{"taxonomy":"post_tag","embeddable":true,"href":"https:\/\/lamendigapolitica.com\/index.php?rest_route=%2Fwp%2Fv2%2Ftags&post=38320"}],"curies":[{"name":"wp","href":"https:\/\/api.w.org\/{rel}","templated":true}]}}