{"id":38317,"date":"2016-07-10T19:07:25","date_gmt":"2016-07-11T00:07:25","guid":{"rendered":"http:\/\/lamendigapolitica.com\/blog\/?p=38317"},"modified":"2016-07-10T19:10:44","modified_gmt":"2016-07-11T00:10:44","slug":"plantan-dos-mil-arbolitos-en-parque-lineal-de-loma-dorada","status":"publish","type":"post","link":"https:\/\/lamendigapolitica.com\/?p=38317","title":{"rendered":"Plantan dos mil arbolitos en Parque Lineal de Loma Dorada"},"content":{"rendered":"<p><a href=\"https:\/\/lamendigapolitica.com\/blog\/blog\/wp-content\/uploads\/2016\/07\/plantan.jpg\" rel=\"attachment wp-att-38318\"><img loading=\"lazy\" decoding=\"async\" class=\"aligncenter wp-image-38318\" src=\"https:\/\/lamendigapolitica.com\/blog\/blog\/wp-content\/uploads\/2016\/07\/plantan.jpg\" alt=\"plantan\" width=\"375\" height=\"210\" \/><\/a><\/p>\n<p>El ayuntamiento de Tonal\u00e1, a cabo esta ma\u00f1ana una jornada de reforestaci\u00f3n en el parque lineal de Loma Dorada, ubicado en un arroyo natural que cruza dicho asentamiento, entre las avenidas R\u00edo Nilo y Paseo Loma Norte.<\/p>\n<p>Se trata del primer parque lineal que se construye en el municipio alfarero, en etapas, con una longitud de mil 400 metros y que a la fecha se le aplican cuatro millones de pesos, en espera de que le sean etiquetados m\u00e1s recursos del Fondo Metropolitano para concluir con una inversi\u00f3n cercana a los 20 millones de pesos, se\u00f1al\u00f3 encabeza el Regidor Gabriel Castellanos Valencia.<\/p>\n<p>Regidores y ciudadanos se dieron a la tarea de plantar dos mil arbolitos como parte de la meta que se tiene para que en esta franja existan 10 mil sujetos boscosos, adem\u00e1s de infraestructura para la convivencia familiar y la pr\u00e1ctica de ejercicios f\u00edsicos. Castellanos Valencia, explic\u00f3 que en tres etapas se plantar\u00e1 en el municipio 20 mil \u00e1rboles, de los cu\u00e1les 10 mil est\u00e1n destinados al parque lineal, el resto ser\u00e1n enviados al cerro de la Reina y al corredor de la delegaci\u00f3n de Puente Grande.<\/p>\n<p>\u201cEsta es la primera etapa, la segunda etapa va a ser en el cerro de la reina y posteriormente nos vamos a ir a Puente Grande y El Ocotillo (centro tur\u00edstico y recreativo). Los \u00e1rboles los pedimos a la Secretaria de la Defensa Nacional (SEDENA) y amablemente nos apoyaron con 10 mil y posteriormente nos entregar\u00e1n otros 10 mil\u201d explic\u00f3 Castellanos Valencia.<\/p>\n<p>&nbsp;<\/p>\n","protected":false},"excerpt":{"rendered":"<p>El ayuntamiento de Tonal\u00e1, a cabo esta ma\u00f1ana una jornada de reforestaci\u00f3n en el parque lineal de Loma Dorada, ubicado en un arroyo natural que cruza dicho asentamiento, entre las avenidas R\u00edo Nilo y Paseo Loma Norte. Se trata del primer parque lineal que se construye en el municipio alfarero, en etapas, con una longitud &hellip; <\/p>\n<p><a class=\"more-link btn\" href=\"https:\/\/lamendigapolitica.com\/?p=38317\">Seguir leyendo<\/a><\/p>\n","protected":false},"author":1,"featured_media":0,"comment_status":"open","ping_status":"closed","sticky":false,"template":"","format":"standard","meta":{"footnotes":""},"categories":[6,20,5,3,22],"tags":[],"class_list":["post-38317","post","type-post","status-publish","format-standard","hentry","category-congreso","category-gobierno","category-partidos","category-politica","category-sociales","item-wrap"],"_links":{"self":[{"href":"https:\/\/lamendigapolitica.com\/index.php?rest_route=\/wp\/v2\/posts\/38317","targetHints":{"allow":["GET"]}}],"collection":[{"href":"https:\/\/lamendigapolitica.com\/index.php?rest_route=\/wp\/v2\/posts"}],"about":[{"href":"https:\/\/lamendigapolitica.com\/index.php?rest_route=\/wp\/v2\/types\/post"}],"author":[{"embeddable":true,"href":"https:\/\/lamendigapolitica.com\/index.php?rest_route=\/wp\/v2\/users\/1"}],"replies":[{"embeddable":true,"href":"https:\/\/lamendigapolitica.com\/index.php?rest_route=%2Fwp%2Fv2%2Fcomments&post=38317"}],"version-history":[{"count":2,"href":"https:\/\/lamendigapolitica.com\/index.php?rest_route=\/wp\/v2\/posts\/38317\/revisions"}],"predecessor-version":[{"id":38326,"href":"https:\/\/lamendigapolitica.com\/index.php?rest_route=\/wp\/v2\/posts\/38317\/revisions\/38326"}],"wp:attachment":[{"href":"https:\/\/lamendigapolitica.com\/index.php?rest_route=%2Fwp%2Fv2%2Fmedia&parent=38317"}],"wp:term":[{"taxonomy":"category","embeddable":true,"href":"https:\/\/lamendigapolitica.com\/index.php?rest_route=%2Fwp%2Fv2%2Fcategories&post=38317"},{"taxonomy":"post_tag","embeddable":true,"href":"https:\/\/lamendigapolitica.com\/index.php?rest_route=%2Fwp%2Fv2%2Ftags&post=38317"}],"curies":[{"name":"wp","href":"https:\/\/api.w.org\/{rel}","templated":true}]}}