{"id":38301,"date":"2016-07-10T10:18:41","date_gmt":"2016-07-10T15:18:41","guid":{"rendered":"http:\/\/lamendigapolitica.com\/blog\/?p=38301"},"modified":"2016-07-10T10:18:41","modified_gmt":"2016-07-10T15:18:41","slug":"segun-abogado-la-foto-de-el-chapo-viola-sus-derechos","status":"publish","type":"post","link":"https:\/\/lamendigapolitica.com\/?p=38301","title":{"rendered":"Seg\u00fan abogado la foto de &#8216;El Chapo&#8217; viola sus derechos"},"content":{"rendered":"<p><a href=\"https:\/\/lamendigapolitica.com\/blog\/blog\/wp-content\/uploads\/2016\/07\/chapo.jpg\" rel=\"attachment wp-att-38302\"><img loading=\"lazy\" decoding=\"async\" class=\"aligncenter  wp-image-38302\" src=\"https:\/\/lamendigapolitica.com\/blog\/blog\/wp-content\/uploads\/2016\/07\/chapo.jpg\" alt=\"chapo\" width=\"332\" height=\"221\" \/><\/a><\/p>\n<p>&nbsp;<\/p>\n<p>La fotograf\u00eda exhibida por Miguel \u00c1ngel Osorio Chong, secretario de Gobernaci\u00f3n (Segob), por redes sociales, en la que se observa a Joaqu\u00edn Guzm\u00e1n Loera, sentado en reclusi\u00f3n podr\u00eda constituir una violaci\u00f3n a los derechos humanos y a la intimidad, asegur\u00f3 Jos\u00e9 Refugio Rodr\u00edguez N\u00fa\u00f1ez, abogado del narcotraficante. \u201cYo presumo que esa fotograf\u00eda fue tomada sin su consentimiento, sin autorizaci\u00f3n, para que se exhibiera p\u00fablicamente, y entonces viola su derecho a la intimidad y afecta su dignidad humana\u201d, denunci\u00f3.<\/p>\n<p>&nbsp;<\/p>\n<p>Se refiere a una fotograf\u00eda\u00a0 que el titular de la Segob hizo p\u00fablica en su cuenta de Twitter para detener el rumor de una presunta nueva fuga de El Chapo. El abogado acus\u00f3 a las autoridades de exhibir a Guzm\u00e1n ante la \u201cfalta de credibilidad\u201d del gobierno.<\/p>\n<p>&nbsp;<\/p>\n<p>\u201cEs indudable que esta fotograf\u00eda es una forma mediante la cual, ante la falta de credibilidad de las autoridades mexicanas, pues tienen que exhibir a una persona para que se les crea. Desgraciadamente por el descr\u00e9dito que tiene nuestro gobierno a nivel nacional e internacional tiene que hacer afectaci\u00f3n de dignidad y de intimidad de personas para justificar lo que no tiene que justificar\u201d, manifest\u00f3.<\/p>\n<p>&nbsp;<\/p>\n<p>Rodr\u00edguez N\u00fa\u00f1ez denunci\u00f3 que las condiciones de limpieza que se observan en la fotograf\u00eda no corresponden a la realidad en la\u00a0 que se encuentra Guzm\u00e1n Loera, dado que la falta de higiene en la celda es una de las principales quejas del inculpado. \u201cSi de algo se ha quejado Joaqu\u00edn es de que en su celda el aseo es muy lastimoso, (incluso) \u00e9l tuvo que pedirles art\u00edculos de limpieza\u201d.<\/p>\n","protected":false},"excerpt":{"rendered":"<p>&nbsp; La fotograf\u00eda exhibida por Miguel \u00c1ngel Osorio Chong, secretario de Gobernaci\u00f3n (Segob), por redes sociales, en la que se observa a Joaqu\u00edn Guzm\u00e1n Loera, sentado en reclusi\u00f3n podr\u00eda constituir una violaci\u00f3n a los derechos humanos y a la intimidad, asegur\u00f3 Jos\u00e9 Refugio Rodr\u00edguez N\u00fa\u00f1ez, abogado del narcotraficante. \u201cYo presumo que esa fotograf\u00eda fue tomada &hellip; <\/p>\n<p><a class=\"more-link btn\" href=\"https:\/\/lamendigapolitica.com\/?p=38301\">Seguir leyendo<\/a><\/p>\n","protected":false},"author":1,"featured_media":0,"comment_status":"open","ping_status":"closed","sticky":false,"template":"","format":"standard","meta":{"footnotes":""},"categories":[6,20,3,27],"tags":[],"class_list":["post-38301","post","type-post","status-publish","format-standard","hentry","category-congreso","category-gobierno","category-politica","category-seguridad","item-wrap"],"_links":{"self":[{"href":"https:\/\/lamendigapolitica.com\/index.php?rest_route=\/wp\/v2\/posts\/38301","targetHints":{"allow":["GET"]}}],"collection":[{"href":"https:\/\/lamendigapolitica.com\/index.php?rest_route=\/wp\/v2\/posts"}],"about":[{"href":"https:\/\/lamendigapolitica.com\/index.php?rest_route=\/wp\/v2\/types\/post"}],"author":[{"embeddable":true,"href":"https:\/\/lamendigapolitica.com\/index.php?rest_route=\/wp\/v2\/users\/1"}],"replies":[{"embeddable":true,"href":"https:\/\/lamendigapolitica.com\/index.php?rest_route=%2Fwp%2Fv2%2Fcomments&post=38301"}],"version-history":[{"count":1,"href":"https:\/\/lamendigapolitica.com\/index.php?rest_route=\/wp\/v2\/posts\/38301\/revisions"}],"predecessor-version":[{"id":38303,"href":"https:\/\/lamendigapolitica.com\/index.php?rest_route=\/wp\/v2\/posts\/38301\/revisions\/38303"}],"wp:attachment":[{"href":"https:\/\/lamendigapolitica.com\/index.php?rest_route=%2Fwp%2Fv2%2Fmedia&parent=38301"}],"wp:term":[{"taxonomy":"category","embeddable":true,"href":"https:\/\/lamendigapolitica.com\/index.php?rest_route=%2Fwp%2Fv2%2Fcategories&post=38301"},{"taxonomy":"post_tag","embeddable":true,"href":"https:\/\/lamendigapolitica.com\/index.php?rest_route=%2Fwp%2Fv2%2Ftags&post=38301"}],"curies":[{"name":"wp","href":"https:\/\/api.w.org\/{rel}","templated":true}]}}