{"id":38296,"date":"2016-07-10T10:06:31","date_gmt":"2016-07-10T15:06:31","guid":{"rendered":"http:\/\/lamendigapolitica.com\/blog\/?p=38296"},"modified":"2016-07-10T11:18:56","modified_gmt":"2016-07-10T16:18:56","slug":"luis-felipe-bravo-mena","status":"publish","type":"post","link":"https:\/\/lamendigapolitica.com\/?p=38296","title":{"rendered":"PAN ir\u00eda s\u00f3lo con el PRD con Morena no"},"content":{"rendered":"<p><a href=\"https:\/\/lamendigapolitica.com\/blog\/blog\/wp-content\/uploads\/2016\/07\/Luis-Felipe-Bravo-Mena.jpg\" rel=\"attachment wp-att-38297\"><img loading=\"lazy\" decoding=\"async\" class=\"aligncenter wp-image-38297\" src=\"https:\/\/lamendigapolitica.com\/blog\/blog\/wp-content\/uploads\/2016\/07\/Luis-Felipe-Bravo-Mena.jpg\" alt=\"Luis Felipe Bravo Mena,\" width=\"352\" height=\"197\" \/><\/a><\/p>\n<p>&nbsp;<\/p>\n<p>El exdirigente nacional del PAN y excandidato a la gubernatura en el Estado de M\u00e9xico, Luis Felipe Bravo Mena, rechaz\u00f3 la posibilidad de sumarse a Morena para lanzar un abanderado com\u00fan para las elecciones del pr\u00f3ximo a\u00f1o en la entidad. No obstante, reconoci\u00f3 que la alternancia en el estado necesariamente \u201cpasa por una alianza de las oposiciones\u201d, seg\u00fan informa hoy Excelsior.<\/p>\n<p>&nbsp;<\/p>\n<p>Este s\u00e1bado, Exc\u00e9lsior public\u00f3 una entrevista con el l\u00edder del PRD en el Estado de M\u00e9xico, Omar Ortega \u00c1lvarez, quien anunci\u00f3 que su partido buscar\u00e1 una alianza primero con todas las izquierdas, incluida Morena, y luego con otros partidos. En entrevista, el responsable de la Comisi\u00f3n Anticorrupci\u00f3n en el PAN expuso que hay varias opciones\u00a0 para lograr la alternancia. La primera es integrar un frente de izquierda (PRD-Morena y otros partidos). Y otra es una alianza PAN- PRD.<\/p>\n<p>&nbsp;<\/p>\n<p>Aunque existe una tercera ruta, la de crear \u201cun frente ciudadano con respaldo de varios partidos, como el modelo que se sigui\u00f3 en Chihuahua\u201d. La tercera v\u00eda, un frente ciudadano, \u201ctendr\u00eda frescura y ya prob\u00f3 que puede ser viable. La clave est\u00e1 en qui\u00e9n ser\u00eda el candidato\u201d, dijo.<\/p>\n<p>&nbsp;<\/p>\n<p>Por su parte, Fernando Rodr\u00edguez Doval, secretario de Comunicaci\u00f3n del PAN, se\u00f1al\u00f3 que la dirigencia de su partido esperar\u00e1 a que se concrete el relevo en la presidencia del PRD para comenzar pl\u00e1ticas en ese sentido. Y dijo que no polemizar\u00e1 con ninguna expresi\u00f3n interna de ese partido. Omar Ortega pertenece a la corriente Alternativa Democr\u00e1tica Nacional (ADN).<\/p>\n","protected":false},"excerpt":{"rendered":"<p>&nbsp; El exdirigente nacional del PAN y excandidato a la gubernatura en el Estado de M\u00e9xico, Luis Felipe Bravo Mena, rechaz\u00f3 la posibilidad de sumarse a Morena para lanzar un abanderado com\u00fan para las elecciones del pr\u00f3ximo a\u00f1o en la entidad. No obstante, reconoci\u00f3 que la alternancia en el estado necesariamente \u201cpasa por una alianza &hellip; <\/p>\n<p><a class=\"more-link btn\" href=\"https:\/\/lamendigapolitica.com\/?p=38296\">Seguir leyendo<\/a><\/p>\n","protected":false},"author":1,"featured_media":0,"comment_status":"open","ping_status":"closed","sticky":false,"template":"","format":"standard","meta":{"footnotes":""},"categories":[6,20,5,3],"tags":[],"class_list":["post-38296","post","type-post","status-publish","format-standard","hentry","category-congreso","category-gobierno","category-partidos","category-politica","item-wrap"],"_links":{"self":[{"href":"https:\/\/lamendigapolitica.com\/index.php?rest_route=\/wp\/v2\/posts\/38296","targetHints":{"allow":["GET"]}}],"collection":[{"href":"https:\/\/lamendigapolitica.com\/index.php?rest_route=\/wp\/v2\/posts"}],"about":[{"href":"https:\/\/lamendigapolitica.com\/index.php?rest_route=\/wp\/v2\/types\/post"}],"author":[{"embeddable":true,"href":"https:\/\/lamendigapolitica.com\/index.php?rest_route=\/wp\/v2\/users\/1"}],"replies":[{"embeddable":true,"href":"https:\/\/lamendigapolitica.com\/index.php?rest_route=%2Fwp%2Fv2%2Fcomments&post=38296"}],"version-history":[{"count":4,"href":"https:\/\/lamendigapolitica.com\/index.php?rest_route=\/wp\/v2\/posts\/38296\/revisions"}],"predecessor-version":[{"id":38313,"href":"https:\/\/lamendigapolitica.com\/index.php?rest_route=\/wp\/v2\/posts\/38296\/revisions\/38313"}],"wp:attachment":[{"href":"https:\/\/lamendigapolitica.com\/index.php?rest_route=%2Fwp%2Fv2%2Fmedia&parent=38296"}],"wp:term":[{"taxonomy":"category","embeddable":true,"href":"https:\/\/lamendigapolitica.com\/index.php?rest_route=%2Fwp%2Fv2%2Fcategories&post=38296"},{"taxonomy":"post_tag","embeddable":true,"href":"https:\/\/lamendigapolitica.com\/index.php?rest_route=%2Fwp%2Fv2%2Ftags&post=38296"}],"curies":[{"name":"wp","href":"https:\/\/api.w.org\/{rel}","templated":true}]}}