{"id":38293,"date":"2016-07-10T09:58:41","date_gmt":"2016-07-10T14:58:41","guid":{"rendered":"http:\/\/lamendigapolitica.com\/blog\/?p=38293"},"modified":"2016-07-10T09:58:41","modified_gmt":"2016-07-10T14:58:41","slug":"cientificos-de-la-unam-crean-polietileno-biodegradable","status":"publish","type":"post","link":"https:\/\/lamendigapolitica.com\/?p=38293","title":{"rendered":"Cient\u00edficos de la UNAM crean polietileno biodegradable"},"content":{"rendered":"<p><a href=\"https:\/\/lamendigapolitica.com\/blog\/blog\/wp-content\/uploads\/2016\/07\/composta.jpg\" rel=\"attachment wp-att-38294\"><img loading=\"lazy\" decoding=\"async\" class=\"aligncenter  wp-image-38294\" src=\"https:\/\/lamendigapolitica.com\/blog\/blog\/wp-content\/uploads\/2016\/07\/composta.jpg\" alt=\"composta\" width=\"309\" height=\"233\" \/><\/a><\/p>\n<p>&nbsp;<\/p>\n<p>Un equipo de cient\u00edficos de la UNAM desarroll\u00f3 pel\u00edculas de polietileno que se biodegradan, bajo condiciones de compostaje, hasta en 74%, a diferencia de los pl\u00e1sticos oxodegradables, que s\u00f3lo se fragmentan y que se utilizan para la fabricaci\u00f3n de bolsas distribuidas principalmente en tiendas de autoservicio, minis\u00faper, peque\u00f1os comercios y tianguis.<\/p>\n<p>&nbsp;<\/p>\n<p>Mar\u00eda Teresa Orta Ledesma, investigadora del Instituto de Ingenier\u00eda, indic\u00f3 que este material, en proceso de patente, tiene un precio similar a los convencionales y propiedades mec\u00e1nicas, qu\u00edmicas y reol\u00f3gicas parecidas, como la resistencia medida en t\u00e9rminos de la elongaci\u00f3n a la ruptura, entre otras.<\/p>\n<p>&nbsp;<\/p>\n<p>\u201cEl problema de la contaminaci\u00f3n por pl\u00e1sticos en general, y de bolsas, en particular, es que no logran incorporarse al ambiente. Por esa raz\u00f3n los vemos diseminados en todos lados, incluso en los oc\u00e9anos, y en ambos hemisferios, donde debido a las corrientes marinas se han formado enormes islas de desechos denominadas garbage patch, y que se calcula abarcan en total casi 16 millones de kil\u00f3metros cuadrados\u201d, afirm\u00f3.<\/p>\n<p>&nbsp;<\/p>\n<p>La cient\u00edfica aclar\u00f3 que las bolsas oxodegradables y biodegradables no son iguales; las primeras poseen caracter\u00edsticas mec\u00e1nicas, f\u00edsicas y qu\u00edmicas que facilitan su fragmentaci\u00f3n en peque\u00f1as part\u00edculas, pero eso no implica que se reintegren al ambiente. Las segundas, por el contrario, se degradan por la acci\u00f3n de microorganismos.<\/p>\n<p>&nbsp;<\/p>\n<p>Este \u00faltimo es el caso de las pel\u00edculas desarrolladas por el equipo universitario, en el que tambi\u00e9n participan Octavio Manero y Mirna Estrada, del Instituto de Investigaciones en Materiales de esta casa de estudios, as\u00ed como los acad\u00e9micos Jes\u00fas Gerardo Saucedo y Alethia V\u00e1zquez, de la Universidad Aut\u00f3noma Metropolitana, quienes notaron resultados positivos a partir del d\u00eda 45 del proceso de compostaje.<\/p>\n","protected":false},"excerpt":{"rendered":"<p>&nbsp; Un equipo de cient\u00edficos de la UNAM desarroll\u00f3 pel\u00edculas de polietileno que se biodegradan, bajo condiciones de compostaje, hasta en 74%, a diferencia de los pl\u00e1sticos oxodegradables, que s\u00f3lo se fragmentan y que se utilizan para la fabricaci\u00f3n de bolsas distribuidas principalmente en tiendas de autoservicio, minis\u00faper, peque\u00f1os comercios y tianguis. &nbsp; Mar\u00eda Teresa &hellip; <\/p>\n<p><a class=\"more-link btn\" href=\"https:\/\/lamendigapolitica.com\/?p=38293\">Seguir leyendo<\/a><\/p>\n","protected":false},"author":1,"featured_media":0,"comment_status":"open","ping_status":"closed","sticky":false,"template":"","format":"standard","meta":{"footnotes":""},"categories":[28,20,22],"tags":[],"class_list":["post-38293","post","type-post","status-publish","format-standard","hentry","category-educacion","category-gobierno","category-sociales","item-wrap"],"_links":{"self":[{"href":"https:\/\/lamendigapolitica.com\/index.php?rest_route=\/wp\/v2\/posts\/38293","targetHints":{"allow":["GET"]}}],"collection":[{"href":"https:\/\/lamendigapolitica.com\/index.php?rest_route=\/wp\/v2\/posts"}],"about":[{"href":"https:\/\/lamendigapolitica.com\/index.php?rest_route=\/wp\/v2\/types\/post"}],"author":[{"embeddable":true,"href":"https:\/\/lamendigapolitica.com\/index.php?rest_route=\/wp\/v2\/users\/1"}],"replies":[{"embeddable":true,"href":"https:\/\/lamendigapolitica.com\/index.php?rest_route=%2Fwp%2Fv2%2Fcomments&post=38293"}],"version-history":[{"count":1,"href":"https:\/\/lamendigapolitica.com\/index.php?rest_route=\/wp\/v2\/posts\/38293\/revisions"}],"predecessor-version":[{"id":38295,"href":"https:\/\/lamendigapolitica.com\/index.php?rest_route=\/wp\/v2\/posts\/38293\/revisions\/38295"}],"wp:attachment":[{"href":"https:\/\/lamendigapolitica.com\/index.php?rest_route=%2Fwp%2Fv2%2Fmedia&parent=38293"}],"wp:term":[{"taxonomy":"category","embeddable":true,"href":"https:\/\/lamendigapolitica.com\/index.php?rest_route=%2Fwp%2Fv2%2Fcategories&post=38293"},{"taxonomy":"post_tag","embeddable":true,"href":"https:\/\/lamendigapolitica.com\/index.php?rest_route=%2Fwp%2Fv2%2Ftags&post=38293"}],"curies":[{"name":"wp","href":"https:\/\/api.w.org\/{rel}","templated":true}]}}