{"id":38267,"date":"2016-07-09T10:12:50","date_gmt":"2016-07-09T15:12:50","guid":{"rendered":"http:\/\/lamendigapolitica.com\/blog\/?p=38267"},"modified":"2016-07-09T10:12:50","modified_gmt":"2016-07-09T15:12:50","slug":"sep-agarra-parejo-y-despide-a-maestros-de-mas","status":"publish","type":"post","link":"https:\/\/lamendigapolitica.com\/?p=38267","title":{"rendered":"SEP agarra parejo y despide a maestros de m\u00e1s"},"content":{"rendered":"<p><a href=\"https:\/\/lamendigapolitica.com\/blog\/blog\/wp-content\/uploads\/2016\/07\/despidos.jpg\" rel=\"attachment wp-att-38268\"><img loading=\"lazy\" decoding=\"async\" class=\"aligncenter size-full wp-image-38268\" src=\"https:\/\/lamendigapolitica.com\/blog\/blog\/wp-content\/uploads\/2016\/07\/despidos.jpg\" alt=\"despidos\" width=\"270\" height=\"187\" \/><\/a><\/p>\n<p>&nbsp;<\/p>\n<p>Despu\u00e9s de que comenz\u00f3 el paro nacional contra la Reforma Educativa, el Secretario de Educaci\u00f3n P\u00fablica, Aurelio Nu\u00f1o Mayer, anunci\u00f3 el despido de 3 mil 119 maestros de Guerrero, Michoac\u00e1n y Oaxaca, donde se registraron protestas. En Michoac\u00e1n, dijo, mil 620 profesores acumularon m\u00e1s de tres faltas consecutivas. Sin embargo, la Secretar\u00eda de Educaci\u00f3n Estatal (SEE), para cumplir con esa cuota asignada, de manera arbitraria y sin investigaci\u00f3n, coloc\u00f3 en la lista de notificaci\u00f3n de cese a docentes que no se han acentuado en las aulas, acusan maestros, se\u00f1ala SinEmbargo.<\/p>\n<p>&nbsp;<\/p>\n<p>De acuerdo con el art\u00edculo 76 de la Ley General del Servicio Profesional Docente, el profesor que sin causa justificada incumpla con la asistencia a sus labores por m\u00e1s de tres d\u00edas consecutivos o discontinuos, en un periodo de 30 treinta d\u00edas naturales, ser\u00e1 separado del cargo. El 3 de junio, Israel Barrios Hern\u00e1ndez, Delegado Administrativo de la Secretar\u00eda de Educaci\u00f3n de Michoac\u00e1n, remiti\u00f3 el listado del personal que presuntamente incurri\u00f3 en la infracci\u00f3n de ese art\u00edculo al Enlace Jur\u00eddico de la Secretar\u00eda de Educaci\u00f3n. Asimismo, se notific\u00f3 a los docentes se\u00f1alados para que comparecieran en ese enlace o por internet para justificar sus faltas.<\/p>\n<p>&nbsp;<\/p>\n<p>El viernes de la semana pasada, se anunci\u00f3 que se ampli\u00f3 por diez d\u00edas h\u00e1biles m\u00e1s el t\u00e9rmino para que los maestros expliquen sus respectivas inasistencias. De no hacerlo dentro de los t\u00e9rminos legales establecidos, se expuso en el Peri\u00f3dico Oficial, se tendr\u00e1n por cierto los hechos que se les imputan y ser\u00e1n cesados. Juan Manuel Macedo Negrete, dirigente de la Delegaci\u00f3n DIII 6 del Sindicato Nacional de Trabajadores de la Educaci\u00f3n (SNTE), dijo a SinEmbargo que los que figuran en la lista son \u201cchivos expiatorios\u201d para justificar los mil 620 profesores se\u00f1alados por Nu\u00f1o Mayer.<\/p>\n<p>&nbsp;<\/p>\n<p>\u201cEn Michoac\u00e1n no se llevaba un registro real por parte de la Secretar\u00eda de Educaci\u00f3n de qui\u00e9n estaba ausente y qui\u00e9n no. Evidentemente que tuvieron que agarrar de todas partes aleatoriamente a gente inocente y completaron el n\u00famero que Aurelio Nu\u00f1o se\u00f1al\u00f3 para Michoac\u00e1n. Ahora que se public\u00f3 el primero de julio el listado, nos damos cuenta de que son gente que ni participa con la Coordinadora [Nacional de Trabajadores de la Educaci\u00f3n], que no est\u00e1 en paro, no est\u00e1 en plant\u00f3n. Es gente totalmente ajena a eso y de una u otra manera fueron chivos expiatorios que le sirvieron a la SEE para justificar los mil 620 profesores que pusieron como cuota\u201d, declar\u00f3 en entrevista telef\u00f3nica.<\/p>\n<p>&nbsp;<\/p>\n<p>La profesora michoacana en riesgo de perder su empleo recibi\u00f3 la Presea Ignacio Manuel Altamirano en el a\u00f1o 2000 y el jard\u00edn de ni\u00f1os que dirige cuenta con reconocimientos en sus 25 a\u00f1os de existencia, adem\u00e1s de haber sido una escuela piloto para el Programa Escuelas de Calidad y el pr\u00f3ximo a\u00f1o lo ser\u00e1 para el de Convivencia Escolar.<\/p>\n","protected":false},"excerpt":{"rendered":"<p>&nbsp; Despu\u00e9s de que comenz\u00f3 el paro nacional contra la Reforma Educativa, el Secretario de Educaci\u00f3n P\u00fablica, Aurelio Nu\u00f1o Mayer, anunci\u00f3 el despido de 3 mil 119 maestros de Guerrero, Michoac\u00e1n y Oaxaca, donde se registraron protestas. En Michoac\u00e1n, dijo, mil 620 profesores acumularon m\u00e1s de tres faltas consecutivas. Sin embargo, la Secretar\u00eda de Educaci\u00f3n &hellip; <\/p>\n<p><a class=\"more-link btn\" href=\"https:\/\/lamendigapolitica.com\/?p=38267\">Seguir leyendo<\/a><\/p>\n","protected":false},"author":1,"featured_media":0,"comment_status":"open","ping_status":"closed","sticky":false,"template":"","format":"standard","meta":{"footnotes":""},"categories":[6,28,20,5,3,27],"tags":[],"class_list":["post-38267","post","type-post","status-publish","format-standard","hentry","category-congreso","category-educacion","category-gobierno","category-partidos","category-politica","category-seguridad","item-wrap"],"_links":{"self":[{"href":"https:\/\/lamendigapolitica.com\/index.php?rest_route=\/wp\/v2\/posts\/38267","targetHints":{"allow":["GET"]}}],"collection":[{"href":"https:\/\/lamendigapolitica.com\/index.php?rest_route=\/wp\/v2\/posts"}],"about":[{"href":"https:\/\/lamendigapolitica.com\/index.php?rest_route=\/wp\/v2\/types\/post"}],"author":[{"embeddable":true,"href":"https:\/\/lamendigapolitica.com\/index.php?rest_route=\/wp\/v2\/users\/1"}],"replies":[{"embeddable":true,"href":"https:\/\/lamendigapolitica.com\/index.php?rest_route=%2Fwp%2Fv2%2Fcomments&post=38267"}],"version-history":[{"count":1,"href":"https:\/\/lamendigapolitica.com\/index.php?rest_route=\/wp\/v2\/posts\/38267\/revisions"}],"predecessor-version":[{"id":38269,"href":"https:\/\/lamendigapolitica.com\/index.php?rest_route=\/wp\/v2\/posts\/38267\/revisions\/38269"}],"wp:attachment":[{"href":"https:\/\/lamendigapolitica.com\/index.php?rest_route=%2Fwp%2Fv2%2Fmedia&parent=38267"}],"wp:term":[{"taxonomy":"category","embeddable":true,"href":"https:\/\/lamendigapolitica.com\/index.php?rest_route=%2Fwp%2Fv2%2Fcategories&post=38267"},{"taxonomy":"post_tag","embeddable":true,"href":"https:\/\/lamendigapolitica.com\/index.php?rest_route=%2Fwp%2Fv2%2Ftags&post=38267"}],"curies":[{"name":"wp","href":"https:\/\/api.w.org\/{rel}","templated":true}]}}