{"id":38261,"date":"2016-07-09T09:49:43","date_gmt":"2016-07-09T14:49:43","guid":{"rendered":"http:\/\/lamendigapolitica.com\/blog\/?p=38261"},"modified":"2016-07-09T09:49:43","modified_gmt":"2016-07-09T14:49:43","slug":"prd-edomex-le-coquetea-a-morena","status":"publish","type":"post","link":"https:\/\/lamendigapolitica.com\/?p=38261","title":{"rendered":"PRD-Edomex le coquetea a Morena"},"content":{"rendered":"<p><a href=\"https:\/\/lamendigapolitica.com\/blog\/blog\/wp-content\/uploads\/2016\/07\/Omar-Ortega-\u00c1lvarez.jpg\" rel=\"attachment wp-att-38262\"><img loading=\"lazy\" decoding=\"async\" class=\"aligncenter  wp-image-38262\" src=\"https:\/\/lamendigapolitica.com\/blog\/blog\/wp-content\/uploads\/2016\/07\/Omar-Ortega-\u00c1lvarez.jpg\" alt=\"Omar Ortega \u00c1lvarez\" width=\"309\" height=\"205\" \/><\/a><\/p>\n<p>&nbsp;<\/p>\n<p>Rumbo a la pr\u00f3xima renovaci\u00f3n de la gubernatura, el Partido de la Revoluci\u00f3n Democr\u00e1tica (PRD) en el Estado de M\u00e9xico busca una alianza con el del Movimiento Regeneraci\u00f3n Nacional (Morena). Pese a la exitosa mancuerna que form\u00f3 con el Partido Acci\u00f3n Nacional (PAN) en los pasados comicios, el PRD dio a conocer que su prioridad es ponerse de acuerdo con el resto de la izquierda. Luego \u201cpodemos ir construyendo una alianza con otro partido distinto a los de izquierda\u201d, explic\u00f3 Omar Ortega \u00c1lvarez, dirigente del PRD mexiquense, se\u00f1ala hoy Excelsior.<\/p>\n<p>&nbsp;<\/p>\n<p>En entrevista con Pascal Beltr\u00e1n del R\u00edo, para Grupo Imagen Multimedia, explic\u00f3 que ya se conform\u00f3 una comisi\u00f3n especial para que trabaje la plataforma y el programa que tendr\u00e1 que llevar el candidato a la gubernatura y, por otro lado, pueda ir explorando la posibilidad de una alianza. Ortega \u00c1lvarez consider\u00f3 que, con base en los recientes resultados electorales, el PRI carece de argumentos para retener la gubernatura del Estado de M\u00e9xico.<\/p>\n<p>&nbsp;<\/p>\n<p>El dirigente del PRD en el Estado de M\u00e9xico, Omar Ortega \u00c1lvarez, consider\u00f3 que la elecci\u00f3n a gobernador de esa entidad \u201cser\u00e1 la madre de todas las batallas\u201d y un \u201cs\u00edntoma innegable de qu\u00e9 va a pasar en 2018\u201d, por lo que el PRD buscar\u00e1 hacer una alianza con todas las izquierdas, incluida Morena y, posteriormente, con alg\u00fan otro partido como el PAN, para quitarle la entidad al PRI.<\/p>\n<p>&nbsp;<\/p>\n<p>En entrevista con Pascal Beltr\u00e1n del R\u00edo para Grupo Imagen Multimedia, Ortega \u00c1lvarez, asegur\u00f3 que el PRD no ve a Morena como un rival \u201cno vemos a Morena como un rival, sino como un partido que tendr\u00eda que generar las condiciones para buscar las causas justas y un estado de bienestar y somos de izquierda, y creo que es lo que tendr\u00edamos que priorizar y ponernos de acuerdo con el candidato\u201d. Se\u00f1al\u00f3 que en el Estado de M\u00e9xico ya se est\u00e1 \u201csacando br\u00edo a los caballos para m\u00e1s adelante ir viendo qui\u00e9n ser\u00e1 el mejor jinete\u201d; dijo que por parte del PRD creen que el PRI ya est\u00e1 generando las condiciones para\u00a0 no perder la entidad.<\/p>\n","protected":false},"excerpt":{"rendered":"<p>&nbsp; Rumbo a la pr\u00f3xima renovaci\u00f3n de la gubernatura, el Partido de la Revoluci\u00f3n Democr\u00e1tica (PRD) en el Estado de M\u00e9xico busca una alianza con el del Movimiento Regeneraci\u00f3n Nacional (Morena). Pese a la exitosa mancuerna que form\u00f3 con el Partido Acci\u00f3n Nacional (PAN) en los pasados comicios, el PRD dio a conocer que su &hellip; <\/p>\n<p><a class=\"more-link btn\" href=\"https:\/\/lamendigapolitica.com\/?p=38261\">Seguir leyendo<\/a><\/p>\n","protected":false},"author":1,"featured_media":0,"comment_status":"open","ping_status":"closed","sticky":false,"template":"","format":"standard","meta":{"footnotes":""},"categories":[6,20,5,3],"tags":[],"class_list":["post-38261","post","type-post","status-publish","format-standard","hentry","category-congreso","category-gobierno","category-partidos","category-politica","item-wrap"],"_links":{"self":[{"href":"https:\/\/lamendigapolitica.com\/index.php?rest_route=\/wp\/v2\/posts\/38261","targetHints":{"allow":["GET"]}}],"collection":[{"href":"https:\/\/lamendigapolitica.com\/index.php?rest_route=\/wp\/v2\/posts"}],"about":[{"href":"https:\/\/lamendigapolitica.com\/index.php?rest_route=\/wp\/v2\/types\/post"}],"author":[{"embeddable":true,"href":"https:\/\/lamendigapolitica.com\/index.php?rest_route=\/wp\/v2\/users\/1"}],"replies":[{"embeddable":true,"href":"https:\/\/lamendigapolitica.com\/index.php?rest_route=%2Fwp%2Fv2%2Fcomments&post=38261"}],"version-history":[{"count":1,"href":"https:\/\/lamendigapolitica.com\/index.php?rest_route=\/wp\/v2\/posts\/38261\/revisions"}],"predecessor-version":[{"id":38263,"href":"https:\/\/lamendigapolitica.com\/index.php?rest_route=\/wp\/v2\/posts\/38261\/revisions\/38263"}],"wp:attachment":[{"href":"https:\/\/lamendigapolitica.com\/index.php?rest_route=%2Fwp%2Fv2%2Fmedia&parent=38261"}],"wp:term":[{"taxonomy":"category","embeddable":true,"href":"https:\/\/lamendigapolitica.com\/index.php?rest_route=%2Fwp%2Fv2%2Fcategories&post=38261"},{"taxonomy":"post_tag","embeddable":true,"href":"https:\/\/lamendigapolitica.com\/index.php?rest_route=%2Fwp%2Fv2%2Ftags&post=38261"}],"curies":[{"name":"wp","href":"https:\/\/api.w.org\/{rel}","templated":true}]}}