{"id":38252,"date":"2016-07-09T09:24:58","date_gmt":"2016-07-09T14:24:58","guid":{"rendered":"http:\/\/lamendigapolitica.com\/blog\/?p=38252"},"modified":"2016-07-09T09:24:58","modified_gmt":"2016-07-09T14:24:58","slug":"papa-designa-al-arzobispo-franco-coppola-nuncio-apostolico-en-mexico","status":"publish","type":"post","link":"https:\/\/lamendigapolitica.com\/?p=38252","title":{"rendered":"Papa designa al arzobispo Franco Coppola nuncio apost\u00f3lico en M\u00e9xico"},"content":{"rendered":"<p><a href=\"https:\/\/lamendigapolitica.com\/blog\/blog\/wp-content\/uploads\/2016\/07\/nuncio.jpg\" rel=\"attachment wp-att-38253\"><img loading=\"lazy\" decoding=\"async\" class=\"aligncenter size-full wp-image-38253\" src=\"https:\/\/lamendigapolitica.com\/blog\/blog\/wp-content\/uploads\/2016\/07\/nuncio.jpg\" alt=\"nuncio\" width=\"309\" height=\"163\" srcset=\"https:\/\/lamendigapolitica.com\/wp-content\/uploads\/2016\/07\/nuncio.jpg 309w, https:\/\/lamendigapolitica.com\/wp-content\/uploads\/2016\/07\/nuncio-300x158.jpg 300w\" sizes=\"auto, (max-width: 309px) 100vw, 309px\" \/><\/a><\/p>\n<p>&nbsp;<\/p>\n<p>El papa Francisco design\u00f3 hoy al arzobispo italiano Franco Coppola, hasta ahora nuncio apost\u00f3lico en Rep\u00fablica Centroafricana y Chad, como nuevo embajador del Vaticano en M\u00e9xico.<\/p>\n<p>&nbsp;<\/p>\n<p>Nacido el 31 de marzo de 1957 en la localidad de Maglie, provincia sure\u00f1a de Lecce, fue ordenado sacerdote el 12 de septiembre de 1981 por la Arquidi\u00f3cesis de Otranto, en Italia. Es doctor en derecho can\u00f3nico. Tras haber cursado sus estudios en la Academia Eclesi\u00e1stica Pontificia, entr\u00f3 al Servicio Diplom\u00e1tico de la Santa Sede el 1 de julio de 1993. Ha sido destinado a las representaciones pontificias del L\u00edbano, Burundi, Colombia y Polonia.<\/p>\n<p>&nbsp;<\/p>\n<p>Adem\u00e1s tambi\u00e9n colabor\u00f3 en la secci\u00f3n de exteriores de la Secretar\u00eda de Estado del Vaticano. El 16 de julio de 2009, el Papa Benedicto XVI lo nombr\u00f3 nuncio apost\u00f3lico en Burundi.Ya en el pontificado de Francisco, fue designado nuncio en Rep\u00fablica Centroafricana, el 13 de enero de 2014, y sum\u00f3 a ese cargo el de representante papal en Chad, el 2 de abril de ese mismo a\u00f1o. Adem\u00e1s de italiano habla franc\u00e9s, espa\u00f1ol e ingl\u00e9s.<\/p>\n<p>&nbsp;<\/p>\n<p>Coppola sustituir\u00e1 como nuncio en M\u00e9xico al cl\u00e9rigo franc\u00e9s Christophe Pierre, que el 12 de abril pasado fue nombrado delegado pontificio en los Estados Unidos tras haber permanecido en territorio mexicano m\u00e1s de nueve a\u00f1os.<\/p>\n","protected":false},"excerpt":{"rendered":"<p>&nbsp; El papa Francisco design\u00f3 hoy al arzobispo italiano Franco Coppola, hasta ahora nuncio apost\u00f3lico en Rep\u00fablica Centroafricana y Chad, como nuevo embajador del Vaticano en M\u00e9xico. &nbsp; Nacido el 31 de marzo de 1957 en la localidad de Maglie, provincia sure\u00f1a de Lecce, fue ordenado sacerdote el 12 de septiembre de 1981 por la &hellip; <\/p>\n<p><a class=\"more-link btn\" href=\"https:\/\/lamendigapolitica.com\/?p=38252\">Seguir leyendo<\/a><\/p>\n","protected":false},"author":1,"featured_media":0,"comment_status":"open","ping_status":"closed","sticky":false,"template":"","format":"standard","meta":{"footnotes":""},"categories":[6,20,3,21],"tags":[],"class_list":["post-38252","post","type-post","status-publish","format-standard","hentry","category-congreso","category-gobierno","category-politica","category-religion","item-wrap"],"_links":{"self":[{"href":"https:\/\/lamendigapolitica.com\/index.php?rest_route=\/wp\/v2\/posts\/38252","targetHints":{"allow":["GET"]}}],"collection":[{"href":"https:\/\/lamendigapolitica.com\/index.php?rest_route=\/wp\/v2\/posts"}],"about":[{"href":"https:\/\/lamendigapolitica.com\/index.php?rest_route=\/wp\/v2\/types\/post"}],"author":[{"embeddable":true,"href":"https:\/\/lamendigapolitica.com\/index.php?rest_route=\/wp\/v2\/users\/1"}],"replies":[{"embeddable":true,"href":"https:\/\/lamendigapolitica.com\/index.php?rest_route=%2Fwp%2Fv2%2Fcomments&post=38252"}],"version-history":[{"count":1,"href":"https:\/\/lamendigapolitica.com\/index.php?rest_route=\/wp\/v2\/posts\/38252\/revisions"}],"predecessor-version":[{"id":38254,"href":"https:\/\/lamendigapolitica.com\/index.php?rest_route=\/wp\/v2\/posts\/38252\/revisions\/38254"}],"wp:attachment":[{"href":"https:\/\/lamendigapolitica.com\/index.php?rest_route=%2Fwp%2Fv2%2Fmedia&parent=38252"}],"wp:term":[{"taxonomy":"category","embeddable":true,"href":"https:\/\/lamendigapolitica.com\/index.php?rest_route=%2Fwp%2Fv2%2Fcategories&post=38252"},{"taxonomy":"post_tag","embeddable":true,"href":"https:\/\/lamendigapolitica.com\/index.php?rest_route=%2Fwp%2Fv2%2Ftags&post=38252"}],"curies":[{"name":"wp","href":"https:\/\/api.w.org\/{rel}","templated":true}]}}