{"id":38246,"date":"2016-07-08T16:16:27","date_gmt":"2016-07-08T21:16:27","guid":{"rendered":"http:\/\/lamendigapolitica.com\/blog\/?p=38246"},"modified":"2016-07-08T16:16:27","modified_gmt":"2016-07-08T21:16:27","slug":"pablo-lemus-ratifica-denuncia-de-juicio-politico-contra-magistrado","status":"publish","type":"post","link":"https:\/\/lamendigapolitica.com\/?p=38246","title":{"rendered":"Pablo Lemus ratifica denuncia de juicio pol\u00edtico contra Magistrado"},"content":{"rendered":"<p><a href=\"https:\/\/lamendigapolitica.com\/blog\/blog\/wp-content\/uploads\/2016\/07\/27558417694_83cdb67750_z.jpg\" rel=\"attachment wp-att-38247\"><img loading=\"lazy\" decoding=\"async\" class=\"aligncenter  wp-image-38247\" src=\"https:\/\/lamendigapolitica.com\/blog\/blog\/wp-content\/uploads\/2016\/07\/27558417694_83cdb67750_z.jpg\" alt=\"27558417694_83cdb67750_z\" width=\"327\" height=\"219\" srcset=\"https:\/\/lamendigapolitica.com\/wp-content\/uploads\/2016\/07\/27558417694_83cdb67750_z.jpg 640w, https:\/\/lamendigapolitica.com\/wp-content\/uploads\/2016\/07\/27558417694_83cdb67750_z-300x201.jpg 300w\" sizes=\"auto, (max-width: 327px) 100vw, 327px\" \/><\/a><\/p>\n<p>&nbsp;<\/p>\n<p>Siguiendo los lineamientos legales del procedimiento de su denuncia de juicio pol\u00edtico en contra del Magistrado Alberto Barba, titular del Sexta Sala Unitaria del Tribunal de lo Administrativo del Estado de Jalisco (TAE) Pablo Lemus y Harold Dutton, ratificaron la misma con el n\u00famero de expediente 15\/2016, ante Armando Espinosa del Toro, Director del \u00d3rgano T\u00e9cnico de Responsabilidades del Congreso del Estado.<\/p>\n<p>&nbsp;<\/p>\n<p>Espinosa del Toro se\u00f1al\u00f3 que ahora se informar\u00e1 al Pleno del Congreso del Estado esta ratificaci\u00f3n, realizada conforme a lo que establece la Ley de Responsabilidades. Pablo Lemus lament\u00f3 que el Magistrado Alberto Barba no quiera entablar un debate p\u00fablico, ante la ciudadan\u00eda y los medios de comunicaci\u00f3n, sobre el origen de su patrimonio y de sus resoluciones que, desde su punto de vista, est\u00e1n definitivamente vinculadas con actos de corrupci\u00f3n en los que tambi\u00e9n participaron particulares y ex funcionarios p\u00fablicos.<\/p>\n<p>&nbsp;<\/p>\n<p>\u201cEl Magistrado Alberto Barba quiere convertir este tema en un tema pol\u00edtico. El mismo ha manifestado que la intenci\u00f3n de fondo en torno a esta solicitud tiene que ver con una sustituci\u00f3n de magistrados con tintes partidistas, cosa que es completamente falsa\u201d.<\/p>\n<p>&nbsp;<\/p>\n<p>Pablo Lemus, afirm\u00f3 que las denuncias y las pruebas para demostrar la complicidad de empresarios y ex funcionarios se presentar\u00e1n en el momento m\u00e1s oportuno, y adelant\u00f3 que algunos son el propietario de Gasolinera Servicio Tepeyac, los due\u00f1os de las torres habitacionales localizadas las calle Miguel de Unamuno y E\u00e7a de Queir\u00f3s, as\u00ed como ex funcionarios de la Direcci\u00f3n de Obras P\u00fablicas que laboraron en la Administraci\u00f3n de H\u00e9ctor Robles.<\/p>\n<p>&nbsp;<\/p>\n<p>\u201cEl patrimonio que tiene el se\u00f1or magistrado no corresponde en lo absoluto a los ingresos que obtiene con su salario como magistrado del TAE. Bienes inmuebles en distintos municipios de ZMG, incluso en el extranjero (\u2026). Una vasta colecci\u00f3n de autom\u00f3viles y muchos otros bienes que ha venido adquiriendo y que no tienen nada que ver con los ingresos que recibe como magistrado. Por eso es importante debatir las cosas p\u00fablicamente, que se pueda demostrar, no s\u00f3lo el origen de su patrimonio, sino tambi\u00e9n el sentido de sus resoluciones\u201d, dijo.<\/p>\n","protected":false},"excerpt":{"rendered":"<p>&nbsp; Siguiendo los lineamientos legales del procedimiento de su denuncia de juicio pol\u00edtico en contra del Magistrado Alberto Barba, titular del Sexta Sala Unitaria del Tribunal de lo Administrativo del Estado de Jalisco (TAE) Pablo Lemus y Harold Dutton, ratificaron la misma con el n\u00famero de expediente 15\/2016, ante Armando Espinosa del Toro, Director del &hellip; <\/p>\n<p><a class=\"more-link btn\" href=\"https:\/\/lamendigapolitica.com\/?p=38246\">Seguir leyendo<\/a><\/p>\n","protected":false},"author":1,"featured_media":0,"comment_status":"open","ping_status":"closed","sticky":false,"template":"","format":"standard","meta":{"footnotes":""},"categories":[6,20,5,3],"tags":[],"class_list":["post-38246","post","type-post","status-publish","format-standard","hentry","category-congreso","category-gobierno","category-partidos","category-politica","item-wrap"],"_links":{"self":[{"href":"https:\/\/lamendigapolitica.com\/index.php?rest_route=\/wp\/v2\/posts\/38246","targetHints":{"allow":["GET"]}}],"collection":[{"href":"https:\/\/lamendigapolitica.com\/index.php?rest_route=\/wp\/v2\/posts"}],"about":[{"href":"https:\/\/lamendigapolitica.com\/index.php?rest_route=\/wp\/v2\/types\/post"}],"author":[{"embeddable":true,"href":"https:\/\/lamendigapolitica.com\/index.php?rest_route=\/wp\/v2\/users\/1"}],"replies":[{"embeddable":true,"href":"https:\/\/lamendigapolitica.com\/index.php?rest_route=%2Fwp%2Fv2%2Fcomments&post=38246"}],"version-history":[{"count":1,"href":"https:\/\/lamendigapolitica.com\/index.php?rest_route=\/wp\/v2\/posts\/38246\/revisions"}],"predecessor-version":[{"id":38248,"href":"https:\/\/lamendigapolitica.com\/index.php?rest_route=\/wp\/v2\/posts\/38246\/revisions\/38248"}],"wp:attachment":[{"href":"https:\/\/lamendigapolitica.com\/index.php?rest_route=%2Fwp%2Fv2%2Fmedia&parent=38246"}],"wp:term":[{"taxonomy":"category","embeddable":true,"href":"https:\/\/lamendigapolitica.com\/index.php?rest_route=%2Fwp%2Fv2%2Fcategories&post=38246"},{"taxonomy":"post_tag","embeddable":true,"href":"https:\/\/lamendigapolitica.com\/index.php?rest_route=%2Fwp%2Fv2%2Ftags&post=38246"}],"curies":[{"name":"wp","href":"https:\/\/api.w.org\/{rel}","templated":true}]}}