{"id":38243,"date":"2016-07-08T15:55:47","date_gmt":"2016-07-08T20:55:47","guid":{"rendered":"http:\/\/lamendigapolitica.com\/blog\/?p=38243"},"modified":"2016-07-08T15:55:47","modified_gmt":"2016-07-08T20:55:47","slug":"maestros-toman-centros-comerciales-en-michoacan","status":"publish","type":"post","link":"https:\/\/lamendigapolitica.com\/?p=38243","title":{"rendered":"Maestros toman centros comerciales en Michoac\u00e1n"},"content":{"rendered":"<p><a href=\"https:\/\/lamendigapolitica.com\/blog\/blog\/wp-content\/uploads\/2016\/07\/centros.jpg\" rel=\"attachment wp-att-38244\"><img loading=\"lazy\" decoding=\"async\" class=\"aligncenter size-full wp-image-38244\" src=\"https:\/\/lamendigapolitica.com\/blog\/blog\/wp-content\/uploads\/2016\/07\/centros.jpg\" alt=\"centros\" width=\"298\" height=\"169\" \/><\/a><\/p>\n<p>La Secci\u00f3n 18 de la Coordinadora Nacional de Trabajadores de la Educaci\u00f3n (CNTE) apret\u00f3 sus movilizaciones Con la toma de algunos centros comerciales de las 22 regiones de Michoac\u00e1n como medida de presi\u00f3n, a tres d\u00edas de que se re\u00fana nuevamente a nivel nacional con autoridades federales en la b\u00fasqueda de soluciones al conflicto magisterial.<\/p>\n<p>&nbsp;<\/p>\n<p>Para acompa\u00f1ar estas acciones, normalistas y comuneros ind\u00edgenas bloquearon intermitentemente la carretera costera L\u00e1zaro C\u00e1rdenas-Manzanillo y la Uruapan-Los Reyes, a la altura de la comunidad de Carapan. Las movilizaciones fueron vigiladas de cerca por el operativo de la Polic\u00eda de Michoac\u00e1n, para evitar que las manifestaciones se salieran de control y hubiese actos de vandalismo.<\/p>\n<p>&nbsp;<\/p>\n<p>En el caso de la toma de centros comerciales se extender\u00e1 hasta las 18 horas de este viernes y no se ten\u00edan previstas las acciones para los siguientes d\u00edas, inform\u00f3 el secretario de organizaci\u00f3n de la Coordinadora, Salvador Almanza Hern\u00e1ndez. Almanza Hern\u00e1ndez sostuvo que no hay profesores detenidos luego del enfrentamiento registrado el jueves en el puerto de L\u00e1zaro C\u00e1rdenas entre las fuerzas estatales y la CNTE, que dej\u00f3 cuatro polic\u00edas lesionados.<\/p>\n<p>&nbsp;<\/p>\n<p>Dijo que si bien lo ocurrido en el puerto michoacano tens\u00f3 la relaci\u00f3n entre autoridades policiales y la Secci\u00f3n 18, conf\u00eda en que ya no sean necesarias m\u00e1s movilizaciones de su parte para la siguiente semana, \u201cporque eso indicar\u00eda que ya se solucionaron nuestras demandas, a ra\u00edz de la reuni\u00f3n que se tenga con el Gobierno federal en la mesa de negociaciones programada para este lunes\u201d.<\/p>\n<p>&nbsp;<\/p>\n","protected":false},"excerpt":{"rendered":"<p>La Secci\u00f3n 18 de la Coordinadora Nacional de Trabajadores de la Educaci\u00f3n (CNTE) apret\u00f3 sus movilizaciones Con la toma de algunos centros comerciales de las 22 regiones de Michoac\u00e1n como medida de presi\u00f3n, a tres d\u00edas de que se re\u00fana nuevamente a nivel nacional con autoridades federales en la b\u00fasqueda de soluciones al conflicto magisterial. &hellip; <\/p>\n<p><a class=\"more-link btn\" href=\"https:\/\/lamendigapolitica.com\/?p=38243\">Seguir leyendo<\/a><\/p>\n","protected":false},"author":1,"featured_media":0,"comment_status":"open","ping_status":"closed","sticky":false,"template":"","format":"standard","meta":{"footnotes":""},"categories":[6,30,20,5,3,27],"tags":[],"class_list":["post-38243","post","type-post","status-publish","format-standard","hentry","category-congreso","category-economia","category-gobierno","category-partidos","category-politica","category-seguridad","item-wrap"],"_links":{"self":[{"href":"https:\/\/lamendigapolitica.com\/index.php?rest_route=\/wp\/v2\/posts\/38243","targetHints":{"allow":["GET"]}}],"collection":[{"href":"https:\/\/lamendigapolitica.com\/index.php?rest_route=\/wp\/v2\/posts"}],"about":[{"href":"https:\/\/lamendigapolitica.com\/index.php?rest_route=\/wp\/v2\/types\/post"}],"author":[{"embeddable":true,"href":"https:\/\/lamendigapolitica.com\/index.php?rest_route=\/wp\/v2\/users\/1"}],"replies":[{"embeddable":true,"href":"https:\/\/lamendigapolitica.com\/index.php?rest_route=%2Fwp%2Fv2%2Fcomments&post=38243"}],"version-history":[{"count":1,"href":"https:\/\/lamendigapolitica.com\/index.php?rest_route=\/wp\/v2\/posts\/38243\/revisions"}],"predecessor-version":[{"id":38245,"href":"https:\/\/lamendigapolitica.com\/index.php?rest_route=\/wp\/v2\/posts\/38243\/revisions\/38245"}],"wp:attachment":[{"href":"https:\/\/lamendigapolitica.com\/index.php?rest_route=%2Fwp%2Fv2%2Fmedia&parent=38243"}],"wp:term":[{"taxonomy":"category","embeddable":true,"href":"https:\/\/lamendigapolitica.com\/index.php?rest_route=%2Fwp%2Fv2%2Fcategories&post=38243"},{"taxonomy":"post_tag","embeddable":true,"href":"https:\/\/lamendigapolitica.com\/index.php?rest_route=%2Fwp%2Fv2%2Ftags&post=38243"}],"curies":[{"name":"wp","href":"https:\/\/api.w.org\/{rel}","templated":true}]}}