{"id":38240,"date":"2016-07-08T10:37:46","date_gmt":"2016-07-08T15:37:46","guid":{"rendered":"http:\/\/lamendigapolitica.com\/blog\/?p=38240"},"modified":"2016-07-08T10:37:46","modified_gmt":"2016-07-08T15:37:46","slug":"lider-social-que-protesto-ayer-en-veracruz-recibe-tiro-en-el-pecho","status":"publish","type":"post","link":"https:\/\/lamendigapolitica.com\/?p=38240","title":{"rendered":"L\u00edder social que protest\u00f3 ayer en Veracruz recibe tiro en el pecho"},"content":{"rendered":"<p><a href=\"https:\/\/lamendigapolitica.com\/blog\/blog\/wp-content\/uploads\/2016\/07\/Jairo-Guarneros-Sosa.jpg\" rel=\"attachment wp-att-38241\"><img loading=\"lazy\" decoding=\"async\" class=\"aligncenter size-full wp-image-38241\" src=\"https:\/\/lamendigapolitica.com\/blog\/blog\/wp-content\/uploads\/2016\/07\/Jairo-Guarneros-Sosa.jpg\" alt=\"Jairo Guarneros Sosa\" width=\"275\" height=\"183\" \/><\/a><\/p>\n<p>&nbsp;<\/p>\n<p>El activista Jairo Guarneros Sosa fue agredido a balazos cerca de su domicilio en Orizaba, Veracruz. Ayer encabez\u00f3 una movilizaci\u00f3n en protesta por la muerte de tres personas luego de que una patrulla envisti\u00f3 al taxi en el que viajaban. De acuerdo con los primeros reportes, los hechos ocurrieron la noche de este jueves cuando Jairo Guarneros, l\u00edder de los taxistas en la regi\u00f3n, fue atacado a balazos por al menos un sujeto armado. Los hechos ocurrieron cerca del domicilio del activista ubicado en la calle Norte 2 en la ciudad de Orizaba, informa SinEmbargo.<\/p>\n<p>&nbsp;<\/p>\n<p>De acuerdo con el diario local Al Calor Pol\u00edtico, Guarneros Sosa result\u00f3 herido por un impacto de bala en el pecho y fue trasladado a el Hospital Covandonga donde est\u00e1 siendo atendido. Versiones extraoficiales dicen que el activista est\u00e1 delicado de salud, pero se encuentra estable.En tanto, el nosocomio donde se encuentra internado est\u00e1 siendo custodiado por elementos de seguridad estatales y municipales.Jairo Guarneros es un activista con fuerte presencia en la zona centro de Veracruz, est\u00e1 adherido a diversos movimientos sociales y es dirigente de un colectivo de taxistas.<\/p>\n<p>&nbsp;<\/p>\n<p>Ayer encabez\u00f3 una marcha en contra de la Secretar\u00eda de Seguridad P\u00fablica de la Entidad y en apoyo a los taxistas luego de que una patrulla embistiera un taxi donde perdieron la vida al menos tres personas. Apenas el pasado 22 de junio, Jos\u00e9 de Jes\u00fas Jim\u00e9nez buscaba a su hija de 23 a\u00f1os que desapareci\u00f3 desde mayo de 2011 en Poza Rica, miembro del colectivo de B\u00fasqueda de Desaparecidos en Veracruz, fue asesinado por un sujeto que dispar\u00f3 en contra del activista y su esposa, quien result\u00f3 herida.<\/p>\n<p>&nbsp;<\/p>\n<p>El activista fue asesinado en la colonia Flores Mag\u00f3n de Poza Rica cuando se trasladaba con su esposa, Francisca V\u00e1squez Mendoza, en un coche compacto e hicieron una parada para comprar aguas frescas.En ese momento, de una camioneta color rojo de lujo, baj\u00f3 un sujeto con un arma AK-47, quien dispar\u00f3 en numerosas ocasiones contra la pareja, dando muerte al activista y su esposa fue trasladada de urgencias a un hospital.<\/p>\n<p>&nbsp;<\/p>\n<p>Jos\u00e9 de Jes\u00fas Jim\u00e9nez buscaba a su hija, Jenny Isabel Jim\u00e9nez, de 23 a\u00f1os, de quien no se sab\u00eda nada desde mayo del 2011, cuando sali\u00f3 junto con otros tres amigos en Poza Rica. Lo \u00faltimo que \u00a0se supo de la joven y de los tres chicos, es que iban a comer unos tacos cerca de la Canaco en esa ciudad, y desde entonces los cuatro est\u00e1n ausentes.Jim\u00e9nez Gaona, en la clandestinidad, hab\u00eda comenzado a madurar el proyecto para conformar un colectivo de madres y padres, como los que ya hay en Xalapa, Veracruz y C\u00f3rdoba, para enfocar sus esfuerzos en dar con su hija y los otros tres muchachos.<\/p>\n","protected":false},"excerpt":{"rendered":"<p>&nbsp; El activista Jairo Guarneros Sosa fue agredido a balazos cerca de su domicilio en Orizaba, Veracruz. Ayer encabez\u00f3 una movilizaci\u00f3n en protesta por la muerte de tres personas luego de que una patrulla envisti\u00f3 al taxi en el que viajaban. De acuerdo con los primeros reportes, los hechos ocurrieron la noche de este jueves &hellip; <\/p>\n<p><a class=\"more-link btn\" href=\"https:\/\/lamendigapolitica.com\/?p=38240\">Seguir leyendo<\/a><\/p>\n","protected":false},"author":1,"featured_media":0,"comment_status":"open","ping_status":"closed","sticky":false,"template":"","format":"standard","meta":{"footnotes":""},"categories":[6,20,31,5,3,22],"tags":[],"class_list":["post-38240","post","type-post","status-publish","format-standard","hentry","category-congreso","category-gobierno","category-internacional","category-partidos","category-politica","category-sociales","item-wrap"],"_links":{"self":[{"href":"https:\/\/lamendigapolitica.com\/index.php?rest_route=\/wp\/v2\/posts\/38240","targetHints":{"allow":["GET"]}}],"collection":[{"href":"https:\/\/lamendigapolitica.com\/index.php?rest_route=\/wp\/v2\/posts"}],"about":[{"href":"https:\/\/lamendigapolitica.com\/index.php?rest_route=\/wp\/v2\/types\/post"}],"author":[{"embeddable":true,"href":"https:\/\/lamendigapolitica.com\/index.php?rest_route=\/wp\/v2\/users\/1"}],"replies":[{"embeddable":true,"href":"https:\/\/lamendigapolitica.com\/index.php?rest_route=%2Fwp%2Fv2%2Fcomments&post=38240"}],"version-history":[{"count":1,"href":"https:\/\/lamendigapolitica.com\/index.php?rest_route=\/wp\/v2\/posts\/38240\/revisions"}],"predecessor-version":[{"id":38242,"href":"https:\/\/lamendigapolitica.com\/index.php?rest_route=\/wp\/v2\/posts\/38240\/revisions\/38242"}],"wp:attachment":[{"href":"https:\/\/lamendigapolitica.com\/index.php?rest_route=%2Fwp%2Fv2%2Fmedia&parent=38240"}],"wp:term":[{"taxonomy":"category","embeddable":true,"href":"https:\/\/lamendigapolitica.com\/index.php?rest_route=%2Fwp%2Fv2%2Fcategories&post=38240"},{"taxonomy":"post_tag","embeddable":true,"href":"https:\/\/lamendigapolitica.com\/index.php?rest_route=%2Fwp%2Fv2%2Ftags&post=38240"}],"curies":[{"name":"wp","href":"https:\/\/api.w.org\/{rel}","templated":true}]}}