{"id":38234,"date":"2016-07-08T10:17:13","date_gmt":"2016-07-08T15:17:13","guid":{"rendered":"http:\/\/lamendigapolitica.com\/blog\/?p=38234"},"modified":"2016-07-08T10:17:13","modified_gmt":"2016-07-08T15:17:13","slug":"dos-mujeres-luchan-por-el-poder-en-gran-bretana","status":"publish","type":"post","link":"https:\/\/lamendigapolitica.com\/?p=38234","title":{"rendered":"Dos mujeres luchan por el poder en Gran Breta\u00f1a"},"content":{"rendered":"<p><a href=\"https:\/\/lamendigapolitica.com\/blog\/blog\/wp-content\/uploads\/2016\/07\/mujeres.jpg\" rel=\"attachment wp-att-38235\"><img loading=\"lazy\" decoding=\"async\" class=\"aligncenter size-full wp-image-38235\" src=\"https:\/\/lamendigapolitica.com\/blog\/blog\/wp-content\/uploads\/2016\/07\/mujeres.jpg\" alt=\"mujeres\" width=\"284\" height=\"178\" \/><\/a><\/p>\n<p>&nbsp;<\/p>\n<p>Reino Unido tendr\u00e1 en septiembre una primera ministra despu\u00e9s de que los diputados conservadores eligieran entre Theresa May y Andrea Leadsom como finalistas de las primarias para reemplazar a David Cameron.<\/p>\n<p>&nbsp;<\/p>\n<p>Tras dos rondas de votaciones de los diputados, que redujeron a dos los cinco candidatos iniciales, ahora ser\u00e1n los 150 mil militantes conservadores los que elijan. En el voto de ayer, May, ministra de Interior y pro-UE, logr\u00f3 el voto de 199 de los 330 diputados; Leadsom, pro-Brexit, cosech\u00f3 84, mientras que el pol\u00e9mico Michael Gove qued\u00f3 fuera al lograr 46 votos.<\/p>\n<p>&nbsp;<\/p>\n<p>\u201cLos resultados demuestran que el Partido Conservador puede estar unido. Y lo estar\u00e1 bajo mi liderazgo\u201d, dijo May. \u201cNecesitamos un liderazgo fuerte y contrastado para negociar el mejor acuerdo posible para la salida de Reino Unido de la UE, unir al partido y hacer un pa\u00eds bueno para todos, y no s\u00f3lo para unos pocos\u201d, a\u00f1adi\u00f3.<\/p>\n<p>&nbsp;<\/p>\n<p>El 24 de junio pasado, Cameron anunci\u00f3 que renunciaba y que abandonar\u00eda la jefatura de gobierno en cuanto el Partido Conservador designara al sucesor, el 9 de septiembre pr\u00f3ximo. Su sucesor tendr\u00e1 la responsabilidad de invocar el Art\u00edculo 50 del Tratado europeo de Lisboa, que equivale a notificar oficialmente la ruptura con la UE, y abrir un plazo de negociaciones de dos a\u00f1os, prorrogable.<\/p>\n","protected":false},"excerpt":{"rendered":"<p>&nbsp; Reino Unido tendr\u00e1 en septiembre una primera ministra despu\u00e9s de que los diputados conservadores eligieran entre Theresa May y Andrea Leadsom como finalistas de las primarias para reemplazar a David Cameron. &nbsp; Tras dos rondas de votaciones de los diputados, que redujeron a dos los cinco candidatos iniciales, ahora ser\u00e1n los 150 mil militantes &hellip; <\/p>\n<p><a class=\"more-link btn\" href=\"https:\/\/lamendigapolitica.com\/?p=38234\">Seguir leyendo<\/a><\/p>\n","protected":false},"author":1,"featured_media":0,"comment_status":"open","ping_status":"closed","sticky":false,"template":"","format":"standard","meta":{"footnotes":""},"categories":[20,31,5,3],"tags":[],"class_list":["post-38234","post","type-post","status-publish","format-standard","hentry","category-gobierno","category-internacional","category-partidos","category-politica","item-wrap"],"_links":{"self":[{"href":"https:\/\/lamendigapolitica.com\/index.php?rest_route=\/wp\/v2\/posts\/38234","targetHints":{"allow":["GET"]}}],"collection":[{"href":"https:\/\/lamendigapolitica.com\/index.php?rest_route=\/wp\/v2\/posts"}],"about":[{"href":"https:\/\/lamendigapolitica.com\/index.php?rest_route=\/wp\/v2\/types\/post"}],"author":[{"embeddable":true,"href":"https:\/\/lamendigapolitica.com\/index.php?rest_route=\/wp\/v2\/users\/1"}],"replies":[{"embeddable":true,"href":"https:\/\/lamendigapolitica.com\/index.php?rest_route=%2Fwp%2Fv2%2Fcomments&post=38234"}],"version-history":[{"count":1,"href":"https:\/\/lamendigapolitica.com\/index.php?rest_route=\/wp\/v2\/posts\/38234\/revisions"}],"predecessor-version":[{"id":38236,"href":"https:\/\/lamendigapolitica.com\/index.php?rest_route=\/wp\/v2\/posts\/38234\/revisions\/38236"}],"wp:attachment":[{"href":"https:\/\/lamendigapolitica.com\/index.php?rest_route=%2Fwp%2Fv2%2Fmedia&parent=38234"}],"wp:term":[{"taxonomy":"category","embeddable":true,"href":"https:\/\/lamendigapolitica.com\/index.php?rest_route=%2Fwp%2Fv2%2Fcategories&post=38234"},{"taxonomy":"post_tag","embeddable":true,"href":"https:\/\/lamendigapolitica.com\/index.php?rest_route=%2Fwp%2Fv2%2Ftags&post=38234"}],"curies":[{"name":"wp","href":"https:\/\/api.w.org\/{rel}","templated":true}]}}