{"id":38228,"date":"2016-07-08T09:59:01","date_gmt":"2016-07-08T14:59:01","guid":{"rendered":"http:\/\/lamendigapolitica.com\/blog\/?p=38228"},"modified":"2016-07-08T09:59:01","modified_gmt":"2016-07-08T14:59:01","slug":"obama-condena-el-ataque-contra-policias-en-dallas","status":"publish","type":"post","link":"https:\/\/lamendigapolitica.com\/?p=38228","title":{"rendered":"Obama condena el ataque contra polic\u00edas en Dallas"},"content":{"rendered":"<p><a href=\"https:\/\/lamendigapolitica.com\/blog\/blog\/wp-content\/uploads\/2016\/07\/obama-1.jpg\" rel=\"attachment wp-att-38229\"><img loading=\"lazy\" decoding=\"async\" class=\"aligncenter size-full wp-image-38229\" src=\"https:\/\/lamendigapolitica.com\/blog\/blog\/wp-content\/uploads\/2016\/07\/obama-1.jpg\" alt=\"obama\" width=\"300\" height=\"168\" \/><\/a><\/p>\n<p>&nbsp;<\/p>\n<p>El presidente de Estados Unidos, Barack Obama, conden\u00f3 hoy la \u00abtremenda tragedia\u00bb de Dallas, Texas, donde este jueves murieron cinco polic\u00edas y otros seis resultaron heridos por disparos de francotiradores durante una manifestaci\u00f3n en protesta por la violencia policial, y prometi\u00f3 que \u00abse har\u00e1 justicia\u00bb.<\/p>\n<p>&nbsp;<\/p>\n<p>A\u00fan no conocemos todos los detalles. Lo que s\u00ed sabemos es que este ha sido un ataque despiadado, calculado y despreciable contra agentes de seguridad\u00bb, dijo Obama en una declaraci\u00f3n a la prensa tras reunirse en Varsovia con los presidentes del Consejo Europeo, Donald Tusk, y la Comisi\u00f3n Europea, Jean-Claude Juncker.<\/p>\n<p>&nbsp;<\/p>\n<p>\u00abCreo que hablo en nombre de todos los estadounidenses cuando digo que estamos horrorizados por estos sucesos, y estamos unidos con el pueblo y el departamento de Polic\u00eda de Dallas\u00bb, agreg\u00f3. El mandatario record\u00f3 que hay \u00abvarios sospechosos\u00bb de la matanza y que espera saber pronto m\u00e1s \u00absobre sus retorcidas motivaciones\u00bb.<\/p>\n<p>&nbsp;<\/p>\n<p>Dejemos claro que no hay justificaci\u00f3n posible para este tipo de ataques o para cualquier violencia contra los agentes de seguridad. Cualquier implicado en estos asesinatos acabar\u00e1 rindiendo cuentas. Se har\u00e1 justicia\u00bb, subray\u00f3 Obama. Destac\u00f3, adem\u00e1s, que \u00abcuando la gente va armada con armas poderosas, por desgracia, este tipo de ataques se vuelven m\u00e1s mort\u00edferos y m\u00e1s tr\u00e1gicos\u00bb.<\/p>\n<p>&nbsp;<\/p>\n<p>En los pr\u00f3ximos d\u00edas, tambi\u00e9n tendremos que considerar esa realidad\u00bb, a\u00f1adi\u00f3 Obama, que a lo largo de su Presidencia ha presionado para un mayor control de armas, especialmente de los rifles de asalto a los que tienen acceso los estadounidenses. El presidente dijo que hab\u00eda llamado por tel\u00e9fono al alcalde de Dallas, Mike Rawlings, y le hab\u00eda ofrecido \u00abcualquier asistencia que pueda necesitar\u00bb del Gobierno federal ante esta \u00abtremenda tragedia\u00bb.<\/p>\n","protected":false},"excerpt":{"rendered":"<p>&nbsp; El presidente de Estados Unidos, Barack Obama, conden\u00f3 hoy la \u00abtremenda tragedia\u00bb de Dallas, Texas, donde este jueves murieron cinco polic\u00edas y otros seis resultaron heridos por disparos de francotiradores durante una manifestaci\u00f3n en protesta por la violencia policial, y prometi\u00f3 que \u00abse har\u00e1 justicia\u00bb. &nbsp; A\u00fan no conocemos todos los detalles. Lo que &hellip; <\/p>\n<p><a class=\"more-link btn\" href=\"https:\/\/lamendigapolitica.com\/?p=38228\">Seguir leyendo<\/a><\/p>\n","protected":false},"author":1,"featured_media":0,"comment_status":"open","ping_status":"closed","sticky":false,"template":"","format":"standard","meta":{"footnotes":""},"categories":[6,20,31,3,27],"tags":[],"class_list":["post-38228","post","type-post","status-publish","format-standard","hentry","category-congreso","category-gobierno","category-internacional","category-politica","category-seguridad","item-wrap"],"_links":{"self":[{"href":"https:\/\/lamendigapolitica.com\/index.php?rest_route=\/wp\/v2\/posts\/38228","targetHints":{"allow":["GET"]}}],"collection":[{"href":"https:\/\/lamendigapolitica.com\/index.php?rest_route=\/wp\/v2\/posts"}],"about":[{"href":"https:\/\/lamendigapolitica.com\/index.php?rest_route=\/wp\/v2\/types\/post"}],"author":[{"embeddable":true,"href":"https:\/\/lamendigapolitica.com\/index.php?rest_route=\/wp\/v2\/users\/1"}],"replies":[{"embeddable":true,"href":"https:\/\/lamendigapolitica.com\/index.php?rest_route=%2Fwp%2Fv2%2Fcomments&post=38228"}],"version-history":[{"count":1,"href":"https:\/\/lamendigapolitica.com\/index.php?rest_route=\/wp\/v2\/posts\/38228\/revisions"}],"predecessor-version":[{"id":38230,"href":"https:\/\/lamendigapolitica.com\/index.php?rest_route=\/wp\/v2\/posts\/38228\/revisions\/38230"}],"wp:attachment":[{"href":"https:\/\/lamendigapolitica.com\/index.php?rest_route=%2Fwp%2Fv2%2Fmedia&parent=38228"}],"wp:term":[{"taxonomy":"category","embeddable":true,"href":"https:\/\/lamendigapolitica.com\/index.php?rest_route=%2Fwp%2Fv2%2Fcategories&post=38228"},{"taxonomy":"post_tag","embeddable":true,"href":"https:\/\/lamendigapolitica.com\/index.php?rest_route=%2Fwp%2Fv2%2Ftags&post=38228"}],"curies":[{"name":"wp","href":"https:\/\/api.w.org\/{rel}","templated":true}]}}