{"id":38225,"date":"2016-07-08T09:31:33","date_gmt":"2016-07-08T14:31:33","guid":{"rendered":"http:\/\/lamendigapolitica.com\/blog\/?p=38225"},"modified":"2016-07-08T09:31:33","modified_gmt":"2016-07-08T14:31:33","slug":"suspenden-el-cese-de-maestros","status":"publish","type":"post","link":"https:\/\/lamendigapolitica.com\/?p=38225","title":{"rendered":"Suspenden el cese de maestros"},"content":{"rendered":"<p><a href=\"https:\/\/lamendigapolitica.com\/blog\/blog\/wp-content\/uploads\/2016\/07\/maestros.jpg\" rel=\"attachment wp-att-38226\"><img loading=\"lazy\" decoding=\"async\" class=\"aligncenter size-full wp-image-38226\" src=\"https:\/\/lamendigapolitica.com\/blog\/blog\/wp-content\/uploads\/2016\/07\/maestros.jpg\" alt=\"maestros\" width=\"259\" height=\"195\" \/><\/a><\/p>\n<p>&nbsp;<\/p>\n<p>Para evitar que crezca la crispaci\u00f3n magisterial la Secretar\u00eda de Educaci\u00f3n y los estados suspendieron el cese de maestros que anunci\u00f3 la dependencia. El acad\u00e9mico Carlos Ornelas dijo que la suspensi\u00f3n se origin\u00f3 en los estados, porque son quienes interrumpieron las notificaciones de despidos.<\/p>\n<p>&nbsp;<\/p>\n<p>El Instituto Estatal de Educaci\u00f3n P\u00fablica de Oaxaca inici\u00f3 mil 755 procedimientos a docentes, pero en ninguno ha procedido el despido. En Michoac\u00e1n, la secretaria de Educaci\u00f3n local, Silvia Figueroa Zamudio, manifest\u00f3 que no se ha registrado un solo cese. Hace dos semanas termin\u00f3 el plazo para que autoridades definieran qui\u00e9nes ser\u00edan separados del cargo.<\/p>\n<p>&nbsp;<\/p>\n<p>Se dice que la agitaci\u00f3n social que ha detonado la Coordinadora Nacional de Trabajadores de la Educaci\u00f3n (CNTE) en todo el pa\u00eds, la Secretar\u00eda de Educaci\u00f3n P\u00fablica (SEP) y los estados suspendieron el cese de maestros que anunci\u00f3 la dependencia federal hace mes y medio, seg\u00fan autoridades locales, fuentes de la propia SEP y expertos.<\/p>\n","protected":false},"excerpt":{"rendered":"<p>&nbsp; Para evitar que crezca la crispaci\u00f3n magisterial la Secretar\u00eda de Educaci\u00f3n y los estados suspendieron el cese de maestros que anunci\u00f3 la dependencia. El acad\u00e9mico Carlos Ornelas dijo que la suspensi\u00f3n se origin\u00f3 en los estados, porque son quienes interrumpieron las notificaciones de despidos. &nbsp; El Instituto Estatal de Educaci\u00f3n P\u00fablica de Oaxaca inici\u00f3 &hellip; <\/p>\n<p><a class=\"more-link btn\" href=\"https:\/\/lamendigapolitica.com\/?p=38225\">Seguir leyendo<\/a><\/p>\n","protected":false},"author":1,"featured_media":0,"comment_status":"open","ping_status":"closed","sticky":false,"template":"","format":"standard","meta":{"footnotes":""},"categories":[6,28,20,5,3],"tags":[],"class_list":["post-38225","post","type-post","status-publish","format-standard","hentry","category-congreso","category-educacion","category-gobierno","category-partidos","category-politica","item-wrap"],"_links":{"self":[{"href":"https:\/\/lamendigapolitica.com\/index.php?rest_route=\/wp\/v2\/posts\/38225","targetHints":{"allow":["GET"]}}],"collection":[{"href":"https:\/\/lamendigapolitica.com\/index.php?rest_route=\/wp\/v2\/posts"}],"about":[{"href":"https:\/\/lamendigapolitica.com\/index.php?rest_route=\/wp\/v2\/types\/post"}],"author":[{"embeddable":true,"href":"https:\/\/lamendigapolitica.com\/index.php?rest_route=\/wp\/v2\/users\/1"}],"replies":[{"embeddable":true,"href":"https:\/\/lamendigapolitica.com\/index.php?rest_route=%2Fwp%2Fv2%2Fcomments&post=38225"}],"version-history":[{"count":1,"href":"https:\/\/lamendigapolitica.com\/index.php?rest_route=\/wp\/v2\/posts\/38225\/revisions"}],"predecessor-version":[{"id":38227,"href":"https:\/\/lamendigapolitica.com\/index.php?rest_route=\/wp\/v2\/posts\/38225\/revisions\/38227"}],"wp:attachment":[{"href":"https:\/\/lamendigapolitica.com\/index.php?rest_route=%2Fwp%2Fv2%2Fmedia&parent=38225"}],"wp:term":[{"taxonomy":"category","embeddable":true,"href":"https:\/\/lamendigapolitica.com\/index.php?rest_route=%2Fwp%2Fv2%2Fcategories&post=38225"},{"taxonomy":"post_tag","embeddable":true,"href":"https:\/\/lamendigapolitica.com\/index.php?rest_route=%2Fwp%2Fv2%2Ftags&post=38225"}],"curies":[{"name":"wp","href":"https:\/\/api.w.org\/{rel}","templated":true}]}}