{"id":38221,"date":"2016-07-08T09:17:06","date_gmt":"2016-07-08T14:17:06","guid":{"rendered":"http:\/\/lamendigapolitica.com\/blog\/?p=38221"},"modified":"2016-07-08T09:17:06","modified_gmt":"2016-07-08T14:17:06","slug":"enrique-ochoa-va-a-la-presidencia-del-pri","status":"publish","type":"post","link":"https:\/\/lamendigapolitica.com\/?p=38221","title":{"rendered":"Enrique Ochoa va a la presidencia del PRI"},"content":{"rendered":"<p><a href=\"https:\/\/lamendigapolitica.com\/blog\/blog\/wp-content\/uploads\/2016\/07\/reza.jpg\" rel=\"attachment wp-att-38222\"><img loading=\"lazy\" decoding=\"async\" class=\"aligncenter  wp-image-38222\" src=\"https:\/\/lamendigapolitica.com\/blog\/blog\/wp-content\/uploads\/2016\/07\/reza.jpg\" alt=\"reza\" width=\"312\" height=\"206\" \/><\/a><\/p>\n<p>&nbsp;<\/p>\n<p>El hasta hoy director general de la Comisi\u00f3n Federal de Electricidad (CFE), Enrique Ochoa Reza, se registrar\u00e1 \u00a0el pr\u00f3ximo lunes como candidato para presidir el Partido Revolucionario Institucional (PRI), en sustituci\u00f3n de Manlio Fabio Beltrones, quien renunci\u00f3 al cargo tras los resultados electorales del pasado 5 de junio.<\/p>\n<p>&nbsp;<\/p>\n<p>\u201cSer\u00eda un gran honor para m\u00ed poder participar en ese proceso y si los Sectores y las Organizaciones (priistas), as\u00ed lo deciden, pues ser\u00eda el mayor honor de mi vida, ser presidente del Comit\u00e9 Ejecutivo Nacional del PRI\u201d, declar\u00f3 Ochoa Reza, luego de sostener una reuni\u00f3n de trabajo con diputados y senadores dijo que como dirigente nacional, propondr\u00e1 un cambio al interior del tricolor, que est\u00e9 basado en la transparencia. \u201cTenemos que cambiar, tenemos que escuchar a la ciudadan\u00eda, tenemos que ser un partido m\u00e1s transparente, que encabece cambios y que atienda a todas las solicitudes de los ciudadanos que quieren tener un mejor pa\u00eds\u201d.<\/p>\n<p>&nbsp;<\/p>\n<p>El procedimiento de elecci\u00f3n ser\u00e1 que una vez que la presidenta interina del PRI, Carolina Monroy del Mazo, emita la convocatoria para el registro de los aspirantes a la presidencia del CEN priista, el Consejo Pol\u00edtico Nacional, en sesi\u00f3n extraordinaria, elegir\u00e1 a su nuevo dirigente nacional, decisi\u00f3n que se espera sea el pr\u00f3ximo martes, en caso de existir un candidato de unidad.<\/p>\n<p>&nbsp;<\/p>\n<p>En la semblanza de Ochoa\u00a0 destacan los cargos administrativos que ha tenido en el sector energ\u00e9tico; y actualmente es Consejero Pol\u00edtico Nacional del PRI por el Movimiento Territorial (MT), que hasta hace una semana presid\u00eda Ana Lilia Herrera Anzaldo, quien solicit\u00f3 licencia como senadora para integrarse al gabinete del gobernador del Estado de M\u00e9xico, Eruviel \u00c1vila Villegas donde se desempe\u00f1a como secretaria de Educaci\u00f3n P\u00fablica.<\/p>\n<p>&nbsp;<\/p>\n<p>Actualmente Alberto Escamilla Cer\u00f3n, secretario de Planeaci\u00f3n Estrat\u00e9gica del MT es quien por estatutos asumi\u00f3 el interinato de la dirigencia del Movimiento en sustituci\u00f3n de Herrera Anzaldo. Sin embargo, el todav\u00eda titular de CFE no ha tenido ning\u00fan cargo de elecci\u00f3n popular por lo que se convertir\u00eda en el primer Presidente Nacional del PRI, desde el mandato de Pedro Ojeda Paullada en 1981, que no haya sido servidor p\u00fablico por elecci\u00f3n, previo a su desempe\u00f1o como dirigente nacional del tricolor.<\/p>\n","protected":false},"excerpt":{"rendered":"<p>&nbsp; El hasta hoy director general de la Comisi\u00f3n Federal de Electricidad (CFE), Enrique Ochoa Reza, se registrar\u00e1 \u00a0el pr\u00f3ximo lunes como candidato para presidir el Partido Revolucionario Institucional (PRI), en sustituci\u00f3n de Manlio Fabio Beltrones, quien renunci\u00f3 al cargo tras los resultados electorales del pasado 5 de junio. &nbsp; \u201cSer\u00eda un gran honor para &hellip; <\/p>\n<p><a class=\"more-link btn\" href=\"https:\/\/lamendigapolitica.com\/?p=38221\">Seguir leyendo<\/a><\/p>\n","protected":false},"author":1,"featured_media":0,"comment_status":"open","ping_status":"closed","sticky":false,"template":"","format":"standard","meta":{"footnotes":""},"categories":[6,20,5,3],"tags":[],"class_list":["post-38221","post","type-post","status-publish","format-standard","hentry","category-congreso","category-gobierno","category-partidos","category-politica","item-wrap"],"_links":{"self":[{"href":"https:\/\/lamendigapolitica.com\/index.php?rest_route=\/wp\/v2\/posts\/38221","targetHints":{"allow":["GET"]}}],"collection":[{"href":"https:\/\/lamendigapolitica.com\/index.php?rest_route=\/wp\/v2\/posts"}],"about":[{"href":"https:\/\/lamendigapolitica.com\/index.php?rest_route=\/wp\/v2\/types\/post"}],"author":[{"embeddable":true,"href":"https:\/\/lamendigapolitica.com\/index.php?rest_route=\/wp\/v2\/users\/1"}],"replies":[{"embeddable":true,"href":"https:\/\/lamendigapolitica.com\/index.php?rest_route=%2Fwp%2Fv2%2Fcomments&post=38221"}],"version-history":[{"count":1,"href":"https:\/\/lamendigapolitica.com\/index.php?rest_route=\/wp\/v2\/posts\/38221\/revisions"}],"predecessor-version":[{"id":38223,"href":"https:\/\/lamendigapolitica.com\/index.php?rest_route=\/wp\/v2\/posts\/38221\/revisions\/38223"}],"wp:attachment":[{"href":"https:\/\/lamendigapolitica.com\/index.php?rest_route=%2Fwp%2Fv2%2Fmedia&parent=38221"}],"wp:term":[{"taxonomy":"category","embeddable":true,"href":"https:\/\/lamendigapolitica.com\/index.php?rest_route=%2Fwp%2Fv2%2Fcategories&post=38221"},{"taxonomy":"post_tag","embeddable":true,"href":"https:\/\/lamendigapolitica.com\/index.php?rest_route=%2Fwp%2Fv2%2Ftags&post=38221"}],"curies":[{"name":"wp","href":"https:\/\/api.w.org\/{rel}","templated":true}]}}