{"id":38215,"date":"2016-07-08T09:02:00","date_gmt":"2016-07-08T14:02:00","guid":{"rendered":"http:\/\/lamendigapolitica.com\/blog\/?p=38215"},"modified":"2016-07-08T09:02:00","modified_gmt":"2016-07-08T14:02:00","slug":"cierran-el-capitolio-de-eu-por-alerta-de-seguridad","status":"publish","type":"post","link":"https:\/\/lamendigapolitica.com\/?p=38215","title":{"rendered":"Cierran el Capitolio de EU por alerta de seguridad"},"content":{"rendered":"<p><a href=\"https:\/\/lamendigapolitica.com\/blog\/blog\/wp-content\/uploads\/2016\/07\/cerrado.jpg\" rel=\"attachment wp-att-38216\"><img loading=\"lazy\" decoding=\"async\" class=\"aligncenter size-full wp-image-38216\" src=\"https:\/\/lamendigapolitica.com\/blog\/blog\/wp-content\/uploads\/2016\/07\/cerrado.jpg\" alt=\"cerrado\" width=\"273\" height=\"185\" \/><\/a><\/p>\n<p class=\"selectionShareable\">Las fuerzas de seguridad han emitido una alerta en el Capitolio de Estados Unidos por motivos que no han especificado y los accesos a este edificio, sede del Congreso norteamericano, han sido bloqueados hasta nuevo aviso.<\/p>\n<p class=\"selectionShareable\">El peri\u00f3dico &#8216;The Washington Post&#8217; ha informado de que los visitantes que hab\u00edan acudido este viernes al edificio han recibido la orden de permanecer encerrados y lejos de puertas y ventanas.<\/p>\n<p>Un portavoz de la Polic\u00eda del Capitolio ha reconocido que hay un \u00abevento\u00bb en marcha y que los agentes est\u00e1n buscando a alguien, si bien no han dado m\u00e1s detalles al respecto, seg\u00fan la agencia de noticias Reuters.<\/p>\n<p>&nbsp;<\/p>\n","protected":false},"excerpt":{"rendered":"<p>Las fuerzas de seguridad han emitido una alerta en el Capitolio de Estados Unidos por motivos que no han especificado y los accesos a este edificio, sede del Congreso norteamericano, han sido bloqueados hasta nuevo aviso. El peri\u00f3dico &#8216;The Washington Post&#8217; ha informado de que los visitantes que hab\u00edan acudido este viernes al edificio han &hellip; <\/p>\n<p><a class=\"more-link btn\" href=\"https:\/\/lamendigapolitica.com\/?p=38215\">Seguir leyendo<\/a><\/p>\n","protected":false},"author":1,"featured_media":0,"comment_status":"open","ping_status":"closed","sticky":false,"template":"","format":"standard","meta":{"footnotes":""},"categories":[6,20,31,5,3,27],"tags":[],"class_list":["post-38215","post","type-post","status-publish","format-standard","hentry","category-congreso","category-gobierno","category-internacional","category-partidos","category-politica","category-seguridad","item-wrap"],"_links":{"self":[{"href":"https:\/\/lamendigapolitica.com\/index.php?rest_route=\/wp\/v2\/posts\/38215","targetHints":{"allow":["GET"]}}],"collection":[{"href":"https:\/\/lamendigapolitica.com\/index.php?rest_route=\/wp\/v2\/posts"}],"about":[{"href":"https:\/\/lamendigapolitica.com\/index.php?rest_route=\/wp\/v2\/types\/post"}],"author":[{"embeddable":true,"href":"https:\/\/lamendigapolitica.com\/index.php?rest_route=\/wp\/v2\/users\/1"}],"replies":[{"embeddable":true,"href":"https:\/\/lamendigapolitica.com\/index.php?rest_route=%2Fwp%2Fv2%2Fcomments&post=38215"}],"version-history":[{"count":1,"href":"https:\/\/lamendigapolitica.com\/index.php?rest_route=\/wp\/v2\/posts\/38215\/revisions"}],"predecessor-version":[{"id":38217,"href":"https:\/\/lamendigapolitica.com\/index.php?rest_route=\/wp\/v2\/posts\/38215\/revisions\/38217"}],"wp:attachment":[{"href":"https:\/\/lamendigapolitica.com\/index.php?rest_route=%2Fwp%2Fv2%2Fmedia&parent=38215"}],"wp:term":[{"taxonomy":"category","embeddable":true,"href":"https:\/\/lamendigapolitica.com\/index.php?rest_route=%2Fwp%2Fv2%2Fcategories&post=38215"},{"taxonomy":"post_tag","embeddable":true,"href":"https:\/\/lamendigapolitica.com\/index.php?rest_route=%2Fwp%2Fv2%2Ftags&post=38215"}],"curies":[{"name":"wp","href":"https:\/\/api.w.org\/{rel}","templated":true}]}}