{"id":38212,"date":"2016-07-07T19:49:39","date_gmt":"2016-07-08T00:49:39","guid":{"rendered":"http:\/\/lamendigapolitica.com\/blog\/?p=38212"},"modified":"2016-07-07T19:49:39","modified_gmt":"2016-07-08T00:49:39","slug":"pablo-lemus-reta-a-debate-al-magistrado-alberto-barba","status":"publish","type":"post","link":"https:\/\/lamendigapolitica.com\/?p=38212","title":{"rendered":"Pablo Lemus reta  a debate al magistrado Alberto Barba"},"content":{"rendered":"<p><a href=\"https:\/\/lamendigapolitica.com\/blog\/blog\/wp-content\/uploads\/2016\/07\/lemus.jpg\" rel=\"attachment wp-att-38213\"><img loading=\"lazy\" decoding=\"async\" class=\"aligncenter size-full wp-image-38213\" src=\"https:\/\/lamendigapolitica.com\/blog\/blog\/wp-content\/uploads\/2016\/07\/lemus.jpg\" alt=\"lemus\" width=\"315\" height=\"160\" srcset=\"https:\/\/lamendigapolitica.com\/wp-content\/uploads\/2016\/07\/lemus.jpg 315w, https:\/\/lamendigapolitica.com\/wp-content\/uploads\/2016\/07\/lemus-300x152.jpg 300w\" sizes=\"auto, (max-width: 315px) 100vw, 315px\" \/><\/a><\/p>\n<p>&nbsp;<\/p>\n<p>El presidente municipal de Zapopan, Pablo Lemus, ret\u00f3 al magistrado Alberto Barba a un debate p\u00fablico ante medios de comunicaci\u00f3n y ciudadan\u00eda para que \u00a0explique el favorecimiento de diversos proyectos hacia particulares, \u201ceste magistrado ha expuesto la corrupci\u00f3n que se vive al interior del Tribunal de lo Administrativo, y creo que es nuestro deber hacer todo el esfuerzo para frenar estas tropel\u00edas de los magistrados\u201d, dijo respecto a la denuncia que present\u00f3 junto con Harold Dutton en su car\u00e1cter como ciudadanos.<\/p>\n<p>&nbsp;<\/p>\n<p>\u00abQuisiera preguntarle directamente al magistrado cu\u00e1nto fue lo que cobr\u00f3 en el intercambio con los particulares para poder emitir estas afirmativas fictas o estas suspensiones. Que nos explique si el patrimonio que tiene actualmente corresponde a sus ingresos de su sueldo como magistrado. A m\u00ed me gusta siempre dar la cara y me gusta discutir de frente. No me estoy escondiendo como el magistrado que no ha podido explicar su ausencia de varios d\u00edas durante la semana\u00bb, dijo.<\/p>\n<p>&nbsp;<\/p>\n<p>Pablo Lemus se\u00f1al\u00f3 que\u00a0 se invitar\u00e1 a la ciudadan\u00eda para que \u00a0a trav\u00e9s de plataformas digitales, se sume a la solicitud de juicio pol\u00edtico en contra del magistrado Barba, debido al n\u00famero de ciudadanos afectados con casos como el de la torre habitacional en la calle Miguel de Unamuno, la Gasolinera Servicio Tepeyac y el desarrollo Bosque Encantado.<\/p>\n<p>&nbsp;<\/p>\n<p>Insisti\u00f3 en que el magistrado Barba siempre se ha caracterizado por defender intereses privados en contra de la ciudadan\u00eda, en contra del desarrollo ordenado de la metr\u00f3poli a cambio de prebendas econ\u00f3micas, es por ello que pide el debate para que \u201cdiscutamos una a una sus resoluciones y sus afirmativas fictas. Tambi\u00e9n que podamos discutir c\u00f3mo ha construido su patrimonio, c\u00f3mo ha hecho para tener bienes inmuebles y tantos otros bienes que tiene, que lo explique p\u00fablicamente\u201d, solicit\u00f3 Lemus.<\/p>\n","protected":false},"excerpt":{"rendered":"<p>&nbsp; El presidente municipal de Zapopan, Pablo Lemus, ret\u00f3 al magistrado Alberto Barba a un debate p\u00fablico ante medios de comunicaci\u00f3n y ciudadan\u00eda para que \u00a0explique el favorecimiento de diversos proyectos hacia particulares, \u201ceste magistrado ha expuesto la corrupci\u00f3n que se vive al interior del Tribunal de lo Administrativo, y creo que es nuestro deber &hellip; <\/p>\n<p><a class=\"more-link btn\" href=\"https:\/\/lamendigapolitica.com\/?p=38212\">Seguir leyendo<\/a><\/p>\n","protected":false},"author":1,"featured_media":0,"comment_status":"open","ping_status":"closed","sticky":false,"template":"","format":"standard","meta":{"footnotes":""},"categories":[6,20,5,3],"tags":[],"class_list":["post-38212","post","type-post","status-publish","format-standard","hentry","category-congreso","category-gobierno","category-partidos","category-politica","item-wrap"],"_links":{"self":[{"href":"https:\/\/lamendigapolitica.com\/index.php?rest_route=\/wp\/v2\/posts\/38212","targetHints":{"allow":["GET"]}}],"collection":[{"href":"https:\/\/lamendigapolitica.com\/index.php?rest_route=\/wp\/v2\/posts"}],"about":[{"href":"https:\/\/lamendigapolitica.com\/index.php?rest_route=\/wp\/v2\/types\/post"}],"author":[{"embeddable":true,"href":"https:\/\/lamendigapolitica.com\/index.php?rest_route=\/wp\/v2\/users\/1"}],"replies":[{"embeddable":true,"href":"https:\/\/lamendigapolitica.com\/index.php?rest_route=%2Fwp%2Fv2%2Fcomments&post=38212"}],"version-history":[{"count":1,"href":"https:\/\/lamendigapolitica.com\/index.php?rest_route=\/wp\/v2\/posts\/38212\/revisions"}],"predecessor-version":[{"id":38214,"href":"https:\/\/lamendigapolitica.com\/index.php?rest_route=\/wp\/v2\/posts\/38212\/revisions\/38214"}],"wp:attachment":[{"href":"https:\/\/lamendigapolitica.com\/index.php?rest_route=%2Fwp%2Fv2%2Fmedia&parent=38212"}],"wp:term":[{"taxonomy":"category","embeddable":true,"href":"https:\/\/lamendigapolitica.com\/index.php?rest_route=%2Fwp%2Fv2%2Fcategories&post=38212"},{"taxonomy":"post_tag","embeddable":true,"href":"https:\/\/lamendigapolitica.com\/index.php?rest_route=%2Fwp%2Fv2%2Ftags&post=38212"}],"curies":[{"name":"wp","href":"https:\/\/api.w.org\/{rel}","templated":true}]}}