{"id":38181,"date":"2016-07-07T09:44:02","date_gmt":"2016-07-07T14:44:02","guid":{"rendered":"http:\/\/lamendigapolitica.com\/blog\/?p=38181"},"modified":"2016-07-07T09:44:02","modified_gmt":"2016-07-07T14:44:02","slug":"basta-de-vincularme-con-quienes-mataron-a-mi-hijo-moreira","status":"publish","type":"post","link":"https:\/\/lamendigapolitica.com\/?p=38181","title":{"rendered":"Basta de vincularme con quienes mataron a mi hijo: Moreira"},"content":{"rendered":"<p><a href=\"https:\/\/lamendigapolitica.com\/blog\/blog\/wp-content\/uploads\/2016\/07\/moreira.jpg\" rel=\"attachment wp-att-38182\"><img loading=\"lazy\" decoding=\"async\" class=\"aligncenter size-full wp-image-38182\" src=\"https:\/\/lamendigapolitica.com\/blog\/blog\/wp-content\/uploads\/2016\/07\/moreira.jpg\" alt=\"moreira\" width=\"311\" height=\"162\" srcset=\"https:\/\/lamendigapolitica.com\/wp-content\/uploads\/2016\/07\/moreira.jpg 311w, https:\/\/lamendigapolitica.com\/wp-content\/uploads\/2016\/07\/moreira-300x156.jpg 300w\" sizes=\"auto, (max-width: 311px) 100vw, 311px\" \/><\/a><\/p>\n<p>&nbsp;<\/p>\n<p>El ex gobernador de Coahuila, Humberto Moreira, neg\u00f3 las declaraciones hechas por un testigo en Estados Unidos, quien asegura que Los Zetas le pagaron millones de d\u00f3lares por protecci\u00f3n. \u201cBasta ya de pretender vincularme con quienes mataron a mi hijo\u201d, expres\u00f3 el priista en una carta.<\/p>\n<p>&nbsp;<\/p>\n<p>Moreira asegur\u00f3 que no conoce a Uribe Tapia, \u201clo \u00fanico que ahora s\u00e9 de \u00e9l es que particip\u00f3 en el talk show \u201cCaso Cerrado\u201d como panelista declarando sobre su vida de \u201cex sicario\u201d\u201d, sostiene a la par que integra un link hacia un video de YouTube.<\/p>\n<p>&nbsp;<\/p>\n<p>Se\u00f1al\u00f3 que en la fecha en que Uribe Tapia asegura que sucedieron los hechos (a\u00f1o 2011), \u00e9l ya no era gobernador de Coahuila.<\/p>\n<p>&nbsp;<\/p>\n<p>\u201cDesconozco absolutamente las fantas\u00edas que se relatan. Durante mi ejercicio constitucional ning\u00fan colaborador me propuso algo impropio. Contestar\u00e9 como siempre con la ley en la mano todas las falsedades publicadas acerca de este caso\u201d, dijo.<\/p>\n","protected":false},"excerpt":{"rendered":"<p>&nbsp; El ex gobernador de Coahuila, Humberto Moreira, neg\u00f3 las declaraciones hechas por un testigo en Estados Unidos, quien asegura que Los Zetas le pagaron millones de d\u00f3lares por protecci\u00f3n. \u201cBasta ya de pretender vincularme con quienes mataron a mi hijo\u201d, expres\u00f3 el priista en una carta. &nbsp; Moreira asegur\u00f3 que no conoce a Uribe &hellip; <\/p>\n<p><a class=\"more-link btn\" href=\"https:\/\/lamendigapolitica.com\/?p=38181\">Seguir leyendo<\/a><\/p>\n","protected":false},"author":1,"featured_media":0,"comment_status":"open","ping_status":"closed","sticky":false,"template":"","format":"standard","meta":{"footnotes":""},"categories":[6,20,5,3,27],"tags":[],"class_list":["post-38181","post","type-post","status-publish","format-standard","hentry","category-congreso","category-gobierno","category-partidos","category-politica","category-seguridad","item-wrap"],"_links":{"self":[{"href":"https:\/\/lamendigapolitica.com\/index.php?rest_route=\/wp\/v2\/posts\/38181","targetHints":{"allow":["GET"]}}],"collection":[{"href":"https:\/\/lamendigapolitica.com\/index.php?rest_route=\/wp\/v2\/posts"}],"about":[{"href":"https:\/\/lamendigapolitica.com\/index.php?rest_route=\/wp\/v2\/types\/post"}],"author":[{"embeddable":true,"href":"https:\/\/lamendigapolitica.com\/index.php?rest_route=\/wp\/v2\/users\/1"}],"replies":[{"embeddable":true,"href":"https:\/\/lamendigapolitica.com\/index.php?rest_route=%2Fwp%2Fv2%2Fcomments&post=38181"}],"version-history":[{"count":1,"href":"https:\/\/lamendigapolitica.com\/index.php?rest_route=\/wp\/v2\/posts\/38181\/revisions"}],"predecessor-version":[{"id":38183,"href":"https:\/\/lamendigapolitica.com\/index.php?rest_route=\/wp\/v2\/posts\/38181\/revisions\/38183"}],"wp:attachment":[{"href":"https:\/\/lamendigapolitica.com\/index.php?rest_route=%2Fwp%2Fv2%2Fmedia&parent=38181"}],"wp:term":[{"taxonomy":"category","embeddable":true,"href":"https:\/\/lamendigapolitica.com\/index.php?rest_route=%2Fwp%2Fv2%2Fcategories&post=38181"},{"taxonomy":"post_tag","embeddable":true,"href":"https:\/\/lamendigapolitica.com\/index.php?rest_route=%2Fwp%2Fv2%2Ftags&post=38181"}],"curies":[{"name":"wp","href":"https:\/\/api.w.org\/{rel}","templated":true}]}}