{"id":38173,"date":"2016-07-06T18:44:34","date_gmt":"2016-07-06T23:44:34","guid":{"rendered":"http:\/\/lamendigapolitica.com\/blog\/?p=38173"},"modified":"2016-07-06T18:44:34","modified_gmt":"2016-07-06T23:44:34","slug":"pri-convoca-a-su-consejo-politico-para-elegir-a-nuevo-lider-nacional","status":"publish","type":"post","link":"https:\/\/lamendigapolitica.com\/?p=38173","title":{"rendered":"PRI convoca a su consejo pol\u00edtico para elegir a nuevo l\u00edder nacional"},"content":{"rendered":"<p><a href=\"https:\/\/lamendigapolitica.com\/blog\/blog\/wp-content\/uploads\/2016\/07\/pri.jpg\" rel=\"attachment wp-att-38174\"><img loading=\"lazy\" decoding=\"async\" class=\"aligncenter size-full wp-image-38174\" src=\"https:\/\/lamendigapolitica.com\/blog\/blog\/wp-content\/uploads\/2016\/07\/pri.jpg\" alt=\"pri\" width=\"318\" height=\"159\" srcset=\"https:\/\/lamendigapolitica.com\/wp-content\/uploads\/2016\/07\/pri.jpg 318w, https:\/\/lamendigapolitica.com\/wp-content\/uploads\/2016\/07\/pri-300x150.jpg 300w\" sizes=\"auto, (max-width: 318px) 100vw, 318px\" \/><\/a><\/p>\n<p>&nbsp;<\/p>\n<p>El Partido Revolucionario Institucional (PRI) convoc\u00f3 con car\u00e1cter de urgente al Consejo Pol\u00edtico Permanente para aprobar la convocatoria de la Asamblea Nacional en la que se elegir\u00e1 al pr\u00f3ximo presidente de su Comit\u00e9 Ejecutivo Nacional, en sustituci\u00f3n de Manlio Fabio Beltrones. La Asamblea se realizar\u00e1 el pr\u00f3ximo lunes 11 de junio y all\u00ed se conocer\u00e1 el nombre de qui\u00e9n dirigir\u00e1 los destinos del tricolor.<\/p>\n<p>&nbsp;<\/p>\n<p>De los nombres que han trascendido para llegar a la sede de Insurgentes Norte, cobran fuerza y tienen mayores posibilidades de suceder a Beltrones Rivera los secretarios de Gobernaci\u00f3n y Agricultura, Miguel \u00c1ngel Osorio Chong y Jos\u00e9 Calzada Rovirosa, respectivamente, pese a ello en ambas carteras reportan que su agenda contin\u00faa sin cambios para los pr\u00f3ximos d\u00edas.<\/p>\n<p>&nbsp;<\/p>\n<p>C\u00f3mo se recordar\u00e1, el pasado 20 de junio Manlio Fabio Beltrones renunci\u00f3 a la presidencia del CEN, tras realizar un balance de las elecciones del pasado 5 de junio, en la que el tricolor perdi\u00f3 siete de las 12 gubernaturas en juego. \u201cHay que decirlo fuerte y claro, en muchos de los casos los electores dieron un mensaje a pol\u00edticas equivocadas o a pol\u00edticos que incurrieron en excesos, que no tuvieron conductas transparentes y que no actuaron de manera responsable\u201d, expres\u00f3 en aquel momento el pol\u00edtico sonorense. En ese contexto, se espera que de un momento a otro se d\u00e9 a conocer las bases para la elecci\u00f3n y se abrir\u00e1 el registro para los aspirantes, cuya elecci\u00f3n ser\u00e1 en cuesti\u00f3n de d\u00edas.<\/p>\n","protected":false},"excerpt":{"rendered":"<p>&nbsp; El Partido Revolucionario Institucional (PRI) convoc\u00f3 con car\u00e1cter de urgente al Consejo Pol\u00edtico Permanente para aprobar la convocatoria de la Asamblea Nacional en la que se elegir\u00e1 al pr\u00f3ximo presidente de su Comit\u00e9 Ejecutivo Nacional, en sustituci\u00f3n de Manlio Fabio Beltrones. La Asamblea se realizar\u00e1 el pr\u00f3ximo lunes 11 de junio y all\u00ed se &hellip; <\/p>\n<p><a class=\"more-link btn\" href=\"https:\/\/lamendigapolitica.com\/?p=38173\">Seguir leyendo<\/a><\/p>\n","protected":false},"author":1,"featured_media":0,"comment_status":"open","ping_status":"closed","sticky":false,"template":"","format":"standard","meta":{"footnotes":""},"categories":[6,20,5,3],"tags":[],"class_list":["post-38173","post","type-post","status-publish","format-standard","hentry","category-congreso","category-gobierno","category-partidos","category-politica","item-wrap"],"_links":{"self":[{"href":"https:\/\/lamendigapolitica.com\/index.php?rest_route=\/wp\/v2\/posts\/38173","targetHints":{"allow":["GET"]}}],"collection":[{"href":"https:\/\/lamendigapolitica.com\/index.php?rest_route=\/wp\/v2\/posts"}],"about":[{"href":"https:\/\/lamendigapolitica.com\/index.php?rest_route=\/wp\/v2\/types\/post"}],"author":[{"embeddable":true,"href":"https:\/\/lamendigapolitica.com\/index.php?rest_route=\/wp\/v2\/users\/1"}],"replies":[{"embeddable":true,"href":"https:\/\/lamendigapolitica.com\/index.php?rest_route=%2Fwp%2Fv2%2Fcomments&post=38173"}],"version-history":[{"count":1,"href":"https:\/\/lamendigapolitica.com\/index.php?rest_route=\/wp\/v2\/posts\/38173\/revisions"}],"predecessor-version":[{"id":38175,"href":"https:\/\/lamendigapolitica.com\/index.php?rest_route=\/wp\/v2\/posts\/38173\/revisions\/38175"}],"wp:attachment":[{"href":"https:\/\/lamendigapolitica.com\/index.php?rest_route=%2Fwp%2Fv2%2Fmedia&parent=38173"}],"wp:term":[{"taxonomy":"category","embeddable":true,"href":"https:\/\/lamendigapolitica.com\/index.php?rest_route=%2Fwp%2Fv2%2Fcategories&post=38173"},{"taxonomy":"post_tag","embeddable":true,"href":"https:\/\/lamendigapolitica.com\/index.php?rest_route=%2Fwp%2Fv2%2Ftags&post=38173"}],"curies":[{"name":"wp","href":"https:\/\/api.w.org\/{rel}","templated":true}]}}