{"id":38172,"date":"2016-07-06T18:55:58","date_gmt":"2016-07-06T23:55:58","guid":{"rendered":"http:\/\/lamendigapolitica.com\/blog\/?p=38172"},"modified":"2016-07-06T18:55:58","modified_gmt":"2016-07-06T23:55:58","slug":"simulacion-priista","status":"publish","type":"post","link":"https:\/\/lamendigapolitica.com\/?p=38172","title":{"rendered":"Simulaci\u00f3n PRIista"},"content":{"rendered":"<h3><a href=\"https:\/\/lamendigapolitica.com\/blog\/blog\/wp-content\/uploads\/2016\/07\/Jonadab-perfil.jpg\" rel=\"attachment wp-att-38176\"><img loading=\"lazy\" decoding=\"async\" class=\"alignleft size-thumbnail wp-image-38176\" src=\"https:\/\/lamendigapolitica.com\/blog\/blog\/wp-content\/uploads\/2016\/07\/Jonadab-perfil-150x150.jpg\" alt=\"Jonadab-perfil\" width=\"150\" height=\"150\" srcset=\"https:\/\/lamendigapolitica.com\/wp-content\/uploads\/2016\/07\/Jonadab-perfil-150x150.jpg 150w, https:\/\/lamendigapolitica.com\/wp-content\/uploads\/2016\/07\/Jonadab-perfil.jpg 300w\" sizes=\"auto, (max-width: 150px) 100vw, 150px\" \/><\/a><span style=\"color: #ff6600;\">POL\u00cdTICA SIN \u00c9TICA\/Jonadab Mart\u00ednez<\/span><\/h3>\n<p>El Pleno de la C\u00e1mara de Diputados fue convocado a una sesi\u00f3n extraordinaria con la finalidad de analizar la minuta con proyecto de decreto que reforma el art\u00edculo 32 de la Ley General de Responsabilidades Administrativas.<\/p>\n<p>Cabe mencionar que esta minuta se deriva del veto presidencial que ech\u00f3 abajo la Ley \u201crevanchista\u201d y \u201cvengativa\u201d iniciativa que los Diputados Federales del PRI y de sus aliados (PANAL, PVEM, y PES) le hab\u00edan propinado a los empresarios por apoyar la #Ley3de3, y que m\u00e1s de medio mill\u00f3n de mexicanos firm\u00f3 para que los servidores p\u00fablicos transparent\u00e1ramos nuestro patrimonio.<\/p>\n<p>Solo como contexto, el articulo 32 era el que obligaba a que los particulares, tanto empresarios como beneficiarios de programas sociales, deb\u00edan presentar sus declaraciones y sujetarse al Sistema Nacional Anticorrupci\u00f3n; aunque la bancada de Movimiento Ciudadano alert\u00f3 el error, dio aviso que se estaba aprobando algo contradictorio y, socialmente, reprobado, los Diputados del PRI y sus aliados, revestidos de soberbia y cerraz\u00f3n, la aprobaron con varios errores.<\/p>\n<p>Y consecuentemente, el Presidente la vet\u00f3 para su modificaci\u00f3n.<\/p>\n<p>Una vez en la sesi\u00f3n extraordinaria, como era de suponerse, la bancada del PRI, que m\u00e1s all\u00e1 de representar a los mexicanos, son esclavos del Presidente de M\u00e9xico, Enrique Pe\u00f1a Nieto, como viles focas, aplaudieron el veto presidencial y votaron tal cual la orden del mandatario.<\/p>\n<p>En contraste, el grupo parlamentario de Movimiento Ciudadano, en voz de su Coordinador, Clemente Casta\u00f1eda, promovi\u00f3 una propuesta de acci\u00f3n de inconstitucionalidad contra el art\u00edculo 29 de la Ley General de Responsabilidades Administrativas, ya que el art\u00edculo mencionado es el que citaba la obligatoriedad de las tres declaraciones: patrimonial, fiscal y de conflicto de intereses; adem\u00e1s contemplaba que las mismas deber\u00edan ser p\u00fablicas.<\/p>\n<p>El Coordinador del grupo parlamentario de Movimiento Ciudadano, Clemente Casta\u00f1eda, invit\u00f3 a los dem\u00e1s grupos parlamentarios que se sumaran a la inconstitucionalidad, sin embargo, fieles a su estilo y ma\u00f1a, evitaron el debate, la discusi\u00f3n y no se sumaron a \u00e9sta propuesta. Excepto el PRD y algunos Diputados de MORENA, que entre duda firmaron la acci\u00f3n de inconstitucionalidad.<\/p>\n<p>En conclusi\u00f3n, la simulaci\u00f3n del PRI y de sus aliados, es c\u00ednica, es vergonzosa, es lamentable y reprobable, que quienes presumen transparencia, dieron vuelta a un tema de suma importancia para combatir la corrupci\u00f3n u la impunidad.<\/p>\n<p>Por \u00faltimo, es importante mencionar que existe una contradicci\u00f3n en la redacci\u00f3n del texto del Art 29, ya que argumenta que las tres declaraciones debe realizarlas todo servidor p\u00fablico, pero afirma que ser\u00e1 de manera voluntaria, y privada.<\/p>\n<h3>MAP Jonadab Mart\u00ednez Garc\u00eda<br \/>\nDiputado Federal<br \/>\n@jonadabmartinez<\/h3>\n","protected":false},"excerpt":{"rendered":"<p>POL\u00cdTICA SIN \u00c9TICA\/Jonadab Mart\u00ednez El Pleno de la C\u00e1mara de Diputados fue convocado a una sesi\u00f3n extraordinaria con la finalidad de analizar la minuta con proyecto de decreto que reforma el art\u00edculo 32 de la Ley General de Responsabilidades Administrativas. Cabe mencionar que esta minuta se deriva del veto presidencial que ech\u00f3 abajo la Ley &hellip; <\/p>\n<p><a class=\"more-link btn\" href=\"https:\/\/lamendigapolitica.com\/?p=38172\">Seguir leyendo<\/a><\/p>\n","protected":false},"author":1,"featured_media":0,"comment_status":"open","ping_status":"closed","sticky":false,"template":"","format":"standard","meta":{"footnotes":""},"categories":[1,6,20,31,5,3],"tags":[],"class_list":["post-38172","post","type-post","status-publish","format-standard","hentry","category-columnista","category-congreso","category-gobierno","category-internacional","category-partidos","category-politica","item-wrap"],"_links":{"self":[{"href":"https:\/\/lamendigapolitica.com\/index.php?rest_route=\/wp\/v2\/posts\/38172","targetHints":{"allow":["GET"]}}],"collection":[{"href":"https:\/\/lamendigapolitica.com\/index.php?rest_route=\/wp\/v2\/posts"}],"about":[{"href":"https:\/\/lamendigapolitica.com\/index.php?rest_route=\/wp\/v2\/types\/post"}],"author":[{"embeddable":true,"href":"https:\/\/lamendigapolitica.com\/index.php?rest_route=\/wp\/v2\/users\/1"}],"replies":[{"embeddable":true,"href":"https:\/\/lamendigapolitica.com\/index.php?rest_route=%2Fwp%2Fv2%2Fcomments&post=38172"}],"version-history":[{"count":1,"href":"https:\/\/lamendigapolitica.com\/index.php?rest_route=\/wp\/v2\/posts\/38172\/revisions"}],"predecessor-version":[{"id":38177,"href":"https:\/\/lamendigapolitica.com\/index.php?rest_route=\/wp\/v2\/posts\/38172\/revisions\/38177"}],"wp:attachment":[{"href":"https:\/\/lamendigapolitica.com\/index.php?rest_route=%2Fwp%2Fv2%2Fmedia&parent=38172"}],"wp:term":[{"taxonomy":"category","embeddable":true,"href":"https:\/\/lamendigapolitica.com\/index.php?rest_route=%2Fwp%2Fv2%2Fcategories&post=38172"},{"taxonomy":"post_tag","embeddable":true,"href":"https:\/\/lamendigapolitica.com\/index.php?rest_route=%2Fwp%2Fv2%2Ftags&post=38172"}],"curies":[{"name":"wp","href":"https:\/\/api.w.org\/{rel}","templated":true}]}}