{"id":38163,"date":"2016-07-06T18:38:43","date_gmt":"2016-07-06T23:38:43","guid":{"rendered":"http:\/\/lamendigapolitica.com\/blog\/?p=38163"},"modified":"2016-07-06T18:38:43","modified_gmt":"2016-07-06T23:38:43","slug":"empoderamiento-femenino","status":"publish","type":"post","link":"https:\/\/lamendigapolitica.com\/?p=38163","title":{"rendered":"Empoderamiento femenino"},"content":{"rendered":"<h2><a href=\"https:\/\/lamendigapolitica.com\/blog\/blog\/wp-content\/uploads\/2016\/07\/IMG-20160523-WA0009.jpg\" rel=\"attachment wp-att-38166\"><img loading=\"lazy\" decoding=\"async\" class=\"alignleft size-thumbnail wp-image-38166\" src=\"https:\/\/lamendigapolitica.com\/blog\/blog\/wp-content\/uploads\/2016\/07\/IMG-20160523-WA0009-150x150.jpg\" alt=\"IMG-20160523-WA0009\" width=\"150\" height=\"150\" srcset=\"https:\/\/lamendigapolitica.com\/wp-content\/uploads\/2016\/07\/IMG-20160523-WA0009-150x150.jpg 150w, https:\/\/lamendigapolitica.com\/wp-content\/uploads\/2016\/07\/IMG-20160523-WA0009-300x300.jpg 300w, https:\/\/lamendigapolitica.com\/wp-content\/uploads\/2016\/07\/IMG-20160523-WA0009.jpg 512w\" sizes=\"auto, (max-width: 150px) 100vw, 150px\" \/><\/a><strong><span style=\"color: #008000;\">EN2RUEDAS\/Jes\u00fas Casillas<\/span><\/strong><\/h2>\n<p><em>Esta semana, exactamente el 3 de julio pasado, se conmemor\u00f3 el Sexag\u00e9simo Primer Aniversario de la primera ocasi\u00f3n del voto femenino en elecciones federales en nuestro pa\u00eds.<\/em><\/p>\n<p>Fue el 3 de julio de 1955, un d\u00eda conmemorable para nuestra democracia, cuando por fin las mujeres mexicanas pudieron ejercer el derecho al sufragio en las elecciones federales de aquella fecha.<\/p>\n<p>La lucha de las mujeres por la igualdad de los derechos civiles se remonta al siglo XIX, cuando s\u00f3lo ten\u00edan la funci\u00f3n de atender a su marido y criar a sus hijos; pero un evento determinante en el siglo pasado fue cuando el 6 de abril de 1952, miles de mujeres se congregaron en el Parque 18 de Marzo de la Ciudad de M\u00e9xico, con la finalidad de exigir al entonces candidato presidencial Adolfo Ruiz Cortines, el compromiso para plasmar en la Constituci\u00f3n Pol\u00edtica de los Estados Unidos Mexicanos, el derecho de las mujeres mexicanas a votar y ser votadas.<\/p>\n<p>El compromiso se cumpli\u00f3 y el 17 de octubre de 1957, ya como Presidente, Ruiz Cortines promulg\u00f3 las reformas constitucionales que dieron el merecido reconocimiento a la ciudadan\u00eda de las mujeres y el derecho al voto en el \u00e1mbito federal.<\/p>\n<p>Con el sufragio femenino, no s\u00f3lo se les dio la facultad de\u00a0<strong>decidir por el destino de nuestro pa\u00eds,<\/strong>\u00a0sino que se les dio la posibilidad de luchar para conducirlo, y los resultados del cambio cada vez son m\u00e1s notorios.<\/p>\n<p>Derivado del proceso electoral 2014-2015, con la integraci\u00f3n de la actual legislatura de la C\u00e1mara de Diputados, las mujeres cuentan con un 42.6 % de los esca\u00f1os, contra 37% de la anterior legislatura.<\/p>\n<p>Evidentemente esto tiene que ver con la pasada reforma constitucional publicada en el Diario Oficial de la Federaci\u00f3n el 10 de febrero de 2014, que estableci\u00f3 entre otras situaciones, la obligaci\u00f3n a partidos pol\u00edticos para\u00a0garantizar y postular en paridad de g\u00e9nero las candidaturas a legisladores federales y estatales.<\/p>\n<p>La Uni\u00f3n Interparlamentaria se pronunci\u00f3 a este respecto, y se\u00f1al\u00f3 que entre los 58 nuevos parlamentos formados en 2015, M\u00e9xico se situ\u00f3 como el pa\u00eds con el mayor n\u00famero de mujeres por esca\u00f1o, seguido de Finlandia con 41.5% y Espa\u00f1a con un 40%.<\/p>\n<p>Sin duda grandes avances en la participaci\u00f3n de la mujer en la vida p\u00fablica del pa\u00eds, como tambi\u00e9n, una ocasi\u00f3n propicia para reflexionar sobre los avances conseguidos, seguir impulsando los cambios necesarios y celebrar los actos de valor y decisi\u00f3n que las mujeres han mostrado para lograrlo, y acompa\u00f1arlas en la lucha por lo que natural y leg\u00edtimamente les corresponde.<\/p>\n<p>Debemos recordar, que cuando hayamos consolidado la igualdad de g\u00e9nero y el empoderamiento de las mujeres, habremos logrado el escenario perfecto para a su vez, consolidar la paz y el desarrollo de la naci\u00f3n.<\/p>\n<p>El empoderamiento de las mujeres no es un fin, es el medio para un mejor pa\u00eds.<\/p>\n<h3>Senador de la Rep\u00fablica<\/h3>\n<h3>@Jesuscasillas06<\/h3>\n","protected":false},"excerpt":{"rendered":"<p>EN2RUEDAS\/Jes\u00fas Casillas Esta semana, exactamente el 3 de julio pasado, se conmemor\u00f3 el Sexag\u00e9simo Primer Aniversario de la primera ocasi\u00f3n del voto femenino en elecciones federales en nuestro pa\u00eds. Fue el 3 de julio de 1955, un d\u00eda conmemorable para nuestra democracia, cuando por fin las mujeres mexicanas pudieron ejercer el derecho al sufragio en &hellip; <\/p>\n<p><a class=\"more-link btn\" href=\"https:\/\/lamendigapolitica.com\/?p=38163\">Seguir leyendo<\/a><\/p>\n","protected":false},"author":1,"featured_media":0,"comment_status":"open","ping_status":"closed","sticky":false,"template":"","format":"standard","meta":{"footnotes":""},"categories":[1,6,20,31,5,3],"tags":[],"class_list":["post-38163","post","type-post","status-publish","format-standard","hentry","category-columnista","category-congreso","category-gobierno","category-internacional","category-partidos","category-politica","item-wrap"],"_links":{"self":[{"href":"https:\/\/lamendigapolitica.com\/index.php?rest_route=\/wp\/v2\/posts\/38163","targetHints":{"allow":["GET"]}}],"collection":[{"href":"https:\/\/lamendigapolitica.com\/index.php?rest_route=\/wp\/v2\/posts"}],"about":[{"href":"https:\/\/lamendigapolitica.com\/index.php?rest_route=\/wp\/v2\/types\/post"}],"author":[{"embeddable":true,"href":"https:\/\/lamendigapolitica.com\/index.php?rest_route=\/wp\/v2\/users\/1"}],"replies":[{"embeddable":true,"href":"https:\/\/lamendigapolitica.com\/index.php?rest_route=%2Fwp%2Fv2%2Fcomments&post=38163"}],"version-history":[{"count":2,"href":"https:\/\/lamendigapolitica.com\/index.php?rest_route=\/wp\/v2\/posts\/38163\/revisions"}],"predecessor-version":[{"id":38169,"href":"https:\/\/lamendigapolitica.com\/index.php?rest_route=\/wp\/v2\/posts\/38163\/revisions\/38169"}],"wp:attachment":[{"href":"https:\/\/lamendigapolitica.com\/index.php?rest_route=%2Fwp%2Fv2%2Fmedia&parent=38163"}],"wp:term":[{"taxonomy":"category","embeddable":true,"href":"https:\/\/lamendigapolitica.com\/index.php?rest_route=%2Fwp%2Fv2%2Fcategories&post=38163"},{"taxonomy":"post_tag","embeddable":true,"href":"https:\/\/lamendigapolitica.com\/index.php?rest_route=%2Fwp%2Fv2%2Ftags&post=38163"}],"curies":[{"name":"wp","href":"https:\/\/api.w.org\/{rel}","templated":true}]}}