{"id":38162,"date":"2016-07-06T18:33:07","date_gmt":"2016-07-06T23:33:07","guid":{"rendered":"http:\/\/lamendigapolitica.com\/blog\/?p=38162"},"modified":"2016-07-06T18:33:16","modified_gmt":"2016-07-06T23:33:16","slug":"respalda-gobernador-dictamen-para-eliminacion-del-fuero","status":"publish","type":"post","link":"https:\/\/lamendigapolitica.com\/?p=38162","title":{"rendered":"Respalda Gobernador dictamen para eliminaci\u00f3n del fuero"},"content":{"rendered":"<p><a href=\"https:\/\/lamendigapolitica.com\/blog\/blog\/wp-content\/uploads\/2016\/07\/28134042585_fa341b0092_z.jpg\" rel=\"attachment wp-att-38164\"><img loading=\"lazy\" decoding=\"async\" class=\"aligncenter wp-image-38164\" src=\"https:\/\/lamendigapolitica.com\/blog\/blog\/wp-content\/uploads\/2016\/07\/28134042585_fa341b0092_z.jpg\" alt=\"28134042585_fa341b0092_z\" width=\"334\" height=\"222\" srcset=\"https:\/\/lamendigapolitica.com\/wp-content\/uploads\/2016\/07\/28134042585_fa341b0092_z.jpg 640w, https:\/\/lamendigapolitica.com\/wp-content\/uploads\/2016\/07\/28134042585_fa341b0092_z-300x199.jpg 300w\" sizes=\"auto, (max-width: 334px) 100vw, 334px\" \/><\/a><\/p>\n<p>&nbsp;<\/p>\n<p>El Gobernador de Jalisco, Arist\u00f3teles Sandoval, celebra que en el seno del Congreso local se debata y discuta el retiro del fuero constitucional a funcionarios p\u00fablicos, esto durante la Formalizaci\u00f3n del Comit\u00e9 para los Festejos del Centenario de las Constituciones. \u00a0\u201cTodos somos iguales, por ello, mi reconocimiento y mi total respaldo para que a la brevedad se retire el fuero constitucional a quienes tenemos un cargo de responsabilidad p\u00fablica\u201d, indic\u00f3 Sandoval.<\/p>\n<p>&nbsp;<\/p>\n<p>Sandoval reprob\u00f3 que servidores p\u00fablicos utilicen el exceso del poder \u201cpara tomar ventaja sobre cualquier ciudadano\u201d. Asimismo, Arist\u00f3teles Sandoval, formaliz\u00f3 el comit\u00e9 para los Festejos del Centenario de las Constituciones. Celebr\u00f3 estos espacios de reflexi\u00f3n que cobran relevancia para evolucionar y dar un \u201cjusto valor a la construcci\u00f3n de la vida democr\u00e1tica e institucional\u201d.<\/p>\n<p>&nbsp;<\/p>\n<p>\u201cPor eso hoy nos reunimos a prepararla a detalle para poder difundir y reflexionar el marco legal que regula nuestra convivencia, mismo que fue trazado con principios de igualdad, de tolerancia, de respeto, de inclusi\u00f3n y que gracias a ser letra viva a esto hoy nos lleva a generar oportunidades de crecimiento para todos sin distingo alguno\u201d, dijo.<\/p>\n<p>&nbsp;<\/p>\n<p>La constituci\u00f3n Pol\u00edtica de los Estados Unidos Mexicanos, adem\u00e1s de la Constituci\u00f3n Pol\u00edtica del Estado de Jalisco, que fueron redactados hace 99 a\u00f1os y con plena vigencia, deben de responder a retos que garanticen el derecho para futuras generaciones. \u00a0En el Ex Recinto Legislativo de Palacio de Gobierno, Arist\u00f3teles Sandoval, destac\u00f3 que estos festejos involucrar\u00e1n al sector acad\u00e9mico, empresarial y a la sociedad jalisciense. \u00a0\u201cEn la medida de integrar m\u00e1s miradas y voces, enriqueceremos este acontecimiento que, adem\u00e1s, nos llevar\u00e1 a evaluar lo que se ha hecho bien y los retos que debemos enfrentar y c\u00f3mo hacerlo\u201d.<\/p>\n","protected":false},"excerpt":{"rendered":"<p>&nbsp; El Gobernador de Jalisco, Arist\u00f3teles Sandoval, celebra que en el seno del Congreso local se debata y discuta el retiro del fuero constitucional a funcionarios p\u00fablicos, esto durante la Formalizaci\u00f3n del Comit\u00e9 para los Festejos del Centenario de las Constituciones. \u00a0\u201cTodos somos iguales, por ello, mi reconocimiento y mi total respaldo para que a &hellip; <\/p>\n<p><a class=\"more-link btn\" href=\"https:\/\/lamendigapolitica.com\/?p=38162\">Seguir leyendo<\/a><\/p>\n","protected":false},"author":1,"featured_media":0,"comment_status":"open","ping_status":"closed","sticky":false,"template":"","format":"standard","meta":{"footnotes":""},"categories":[6,20,5,3],"tags":[],"class_list":["post-38162","post","type-post","status-publish","format-standard","hentry","category-congreso","category-gobierno","category-partidos","category-politica","item-wrap"],"_links":{"self":[{"href":"https:\/\/lamendigapolitica.com\/index.php?rest_route=\/wp\/v2\/posts\/38162","targetHints":{"allow":["GET"]}}],"collection":[{"href":"https:\/\/lamendigapolitica.com\/index.php?rest_route=\/wp\/v2\/posts"}],"about":[{"href":"https:\/\/lamendigapolitica.com\/index.php?rest_route=\/wp\/v2\/types\/post"}],"author":[{"embeddable":true,"href":"https:\/\/lamendigapolitica.com\/index.php?rest_route=\/wp\/v2\/users\/1"}],"replies":[{"embeddable":true,"href":"https:\/\/lamendigapolitica.com\/index.php?rest_route=%2Fwp%2Fv2%2Fcomments&post=38162"}],"version-history":[{"count":1,"href":"https:\/\/lamendigapolitica.com\/index.php?rest_route=\/wp\/v2\/posts\/38162\/revisions"}],"predecessor-version":[{"id":38165,"href":"https:\/\/lamendigapolitica.com\/index.php?rest_route=\/wp\/v2\/posts\/38162\/revisions\/38165"}],"wp:attachment":[{"href":"https:\/\/lamendigapolitica.com\/index.php?rest_route=%2Fwp%2Fv2%2Fmedia&parent=38162"}],"wp:term":[{"taxonomy":"category","embeddable":true,"href":"https:\/\/lamendigapolitica.com\/index.php?rest_route=%2Fwp%2Fv2%2Fcategories&post=38162"},{"taxonomy":"post_tag","embeddable":true,"href":"https:\/\/lamendigapolitica.com\/index.php?rest_route=%2Fwp%2Fv2%2Ftags&post=38162"}],"curies":[{"name":"wp","href":"https:\/\/api.w.org\/{rel}","templated":true}]}}