{"id":38159,"date":"2016-07-06T18:30:51","date_gmt":"2016-07-06T23:30:51","guid":{"rendered":"http:\/\/lamendigapolitica.com\/blog\/?p=38159"},"modified":"2016-07-06T18:30:51","modified_gmt":"2016-07-06T23:30:51","slug":"reconocen-trabajo-de-jalisco-en-combate-a-la-violencia-contra-la-mujer","status":"publish","type":"post","link":"https:\/\/lamendigapolitica.com\/?p=38159","title":{"rendered":"Reconocen trabajo de Jalisco en combate a la violencia contra la mujer"},"content":{"rendered":"<p><a href=\"https:\/\/lamendigapolitica.com\/blog\/blog\/wp-content\/uploads\/2016\/07\/28101836526_ca2ccde50e_z.jpg\" rel=\"attachment wp-att-38160\"><img loading=\"lazy\" decoding=\"async\" class=\"aligncenter  wp-image-38160\" src=\"https:\/\/lamendigapolitica.com\/blog\/blog\/wp-content\/uploads\/2016\/07\/28101836526_ca2ccde50e_z.jpg\" alt=\"28101836526_ca2ccde50e_z\" width=\"340\" height=\"226\" srcset=\"https:\/\/lamendigapolitica.com\/wp-content\/uploads\/2016\/07\/28101836526_ca2ccde50e_z.jpg 640w, https:\/\/lamendigapolitica.com\/wp-content\/uploads\/2016\/07\/28101836526_ca2ccde50e_z-300x199.jpg 300w\" sizes=\"auto, (max-width: 340px) 100vw, 340px\" \/><\/a><\/p>\n<p>&nbsp;<\/p>\n<p>El Alto Comisionado de las Naciones Unidas para los Derechos Humanos, Jan Jarab, con quien se reuni\u00f3 el Gobernador Arist\u00f3teles Sandoval reconoci\u00f3 la por erradicar la violencia contra las mujeres que mantiene el Gobierno de Jalisco, \u201c particularmente a la declaratoria de la Alerta de Violencia contra las Mujeres, mediante el mecanismo normativo estatal\u201d, dijo Sandoval.<\/p>\n<p>&nbsp;<\/p>\n<p>Luego del encuentro, el Mandatario y el funcionario de la ONU se reunieron con representantes de organizaciones como Amnist\u00eda Internacional, el Observatorio Ciudadano Nacional de Feminicidios y del Comit\u00e9 de Am\u00e9rica Latina y el Caribe para la Defensa de los Derechos de la Mujer (CLADEM) con quienes establecieron cuatro acuerdos para mejorar y enriquecer la alerta.<\/p>\n<p>&nbsp;<\/p>\n<p>\u201cNos comprometimos primero al respeto irrestricto al cual estamos obligados de los derechos humanos, pero que adem\u00e1s, por convicci\u00f3n lo hemos venido impulsando con capacitaci\u00f3n, con medidas de restituci\u00f3n de derechos, no solamente con relaci\u00f3n a la mujer sino a los ni\u00f1os, a las ni\u00f1as, a erradicar la tortura, a atender tema de desaparecidos\u201d, agreg\u00f3.<\/p>\n<p>&nbsp;<\/p>\n<p>Entre los otros acuerdos est\u00e1 iniciar mesas de trabajo con las organizaciones para buscar mejorar la alerta y donde se enriquezca con experiencias ya sea en otros estados o pa\u00edses; buscar elevarla a rango constitucional, e incrementar la participaci\u00f3n de autoridades municipales.<\/p>\n","protected":false},"excerpt":{"rendered":"<p>&nbsp; El Alto Comisionado de las Naciones Unidas para los Derechos Humanos, Jan Jarab, con quien se reuni\u00f3 el Gobernador Arist\u00f3teles Sandoval reconoci\u00f3 la por erradicar la violencia contra las mujeres que mantiene el Gobierno de Jalisco, \u201c particularmente a la declaratoria de la Alerta de Violencia contra las Mujeres, mediante el mecanismo normativo estatal\u201d, &hellip; <\/p>\n<p><a class=\"more-link btn\" href=\"https:\/\/lamendigapolitica.com\/?p=38159\">Seguir leyendo<\/a><\/p>\n","protected":false},"author":1,"featured_media":0,"comment_status":"open","ping_status":"closed","sticky":false,"template":"","format":"standard","meta":{"footnotes":""},"categories":[6,20,5,3],"tags":[],"class_list":["post-38159","post","type-post","status-publish","format-standard","hentry","category-congreso","category-gobierno","category-partidos","category-politica","item-wrap"],"_links":{"self":[{"href":"https:\/\/lamendigapolitica.com\/index.php?rest_route=\/wp\/v2\/posts\/38159","targetHints":{"allow":["GET"]}}],"collection":[{"href":"https:\/\/lamendigapolitica.com\/index.php?rest_route=\/wp\/v2\/posts"}],"about":[{"href":"https:\/\/lamendigapolitica.com\/index.php?rest_route=\/wp\/v2\/types\/post"}],"author":[{"embeddable":true,"href":"https:\/\/lamendigapolitica.com\/index.php?rest_route=\/wp\/v2\/users\/1"}],"replies":[{"embeddable":true,"href":"https:\/\/lamendigapolitica.com\/index.php?rest_route=%2Fwp%2Fv2%2Fcomments&post=38159"}],"version-history":[{"count":1,"href":"https:\/\/lamendigapolitica.com\/index.php?rest_route=\/wp\/v2\/posts\/38159\/revisions"}],"predecessor-version":[{"id":38161,"href":"https:\/\/lamendigapolitica.com\/index.php?rest_route=\/wp\/v2\/posts\/38159\/revisions\/38161"}],"wp:attachment":[{"href":"https:\/\/lamendigapolitica.com\/index.php?rest_route=%2Fwp%2Fv2%2Fmedia&parent=38159"}],"wp:term":[{"taxonomy":"category","embeddable":true,"href":"https:\/\/lamendigapolitica.com\/index.php?rest_route=%2Fwp%2Fv2%2Fcategories&post=38159"},{"taxonomy":"post_tag","embeddable":true,"href":"https:\/\/lamendigapolitica.com\/index.php?rest_route=%2Fwp%2Fv2%2Ftags&post=38159"}],"curies":[{"name":"wp","href":"https:\/\/api.w.org\/{rel}","templated":true}]}}