{"id":38156,"date":"2016-07-06T18:29:06","date_gmt":"2016-07-06T23:29:06","guid":{"rendered":"http:\/\/lamendigapolitica.com\/blog\/?p=38156"},"modified":"2016-07-06T18:29:06","modified_gmt":"2016-07-06T23:29:06","slug":"buscan-una-ciudad-mas-compacta-cercana-conectada-y-equitativa","status":"publish","type":"post","link":"https:\/\/lamendigapolitica.com\/?p=38156","title":{"rendered":"Buscan una ciudad m\u00e1s compacta, cercana, conectada y equitativa"},"content":{"rendered":"<p><a href=\"https:\/\/lamendigapolitica.com\/blog\/blog\/wp-content\/uploads\/2016\/07\/27518364253_7c1410b73e_z.jpg\" rel=\"attachment wp-att-38157\"><img loading=\"lazy\" decoding=\"async\" class=\"aligncenter  wp-image-38157\" src=\"https:\/\/lamendigapolitica.com\/blog\/blog\/wp-content\/uploads\/2016\/07\/27518364253_7c1410b73e_z.jpg\" alt=\"27518364253_7c1410b73e_z\" width=\"308\" height=\"211\" srcset=\"https:\/\/lamendigapolitica.com\/wp-content\/uploads\/2016\/07\/27518364253_7c1410b73e_z.jpg 640w, https:\/\/lamendigapolitica.com\/wp-content\/uploads\/2016\/07\/27518364253_7c1410b73e_z-300x206.jpg 300w\" sizes=\"auto, (max-width: 308px) 100vw, 308px\" \/><\/a><\/p>\n<p>&nbsp;<\/p>\n<p>El Gobierno de Guadalajara comienza a revertir el crecimiento de una ciudad dispersa, desconectada, distante y desigual, afirm\u00f3 Patricia Mart\u00ednez Barba, Coordinadora de Gesti\u00f3n Integral de la Ciudad, quien afirm\u00f3 que ahora se trabaja por tener una metr\u00f3poli m\u00e1s compacta, cercana, conectada y equitativa \u00a0en la presentaci\u00f3n de resultados de \u201cCiudades de bajas emisiones: Implementando el Desarrollo Orientado al Transporte en la Zona Metropolitana de Guadalajara\u201d<\/p>\n<p>&nbsp;<\/p>\n<p>En el evento se dieron cita representantes de la Secretar\u00eda de Desarrollo Agrario, Territorial y Urbano (SEDATU), de la Secretaria de Medio Ambiente y Recursos Naturales (SEMARNAT), de la SEMADET-Jalisco y del Instituto de Pol\u00edticas para el Transporte y el Desarrollo, quienes reconocieron el trabajo del \u00c1rea Metropolitana de Guadalajara encaminado hacia una comunidad urbana sustentable.<\/p>\n<p>&nbsp;<\/p>\n<p>Argument\u00f3 que el Plan de Ordenamiento Territorial, presentado hace unos d\u00edas, sienta las bases y es el punto de partida para la implementaci\u00f3n de pol\u00edticas de desarrollo dedicados al transporte, y dijo: \u201cEn Guadalajara estamos trabajando en c\u00f3mo alinear y armonizar toda la parte normativa para completar el sustento jur\u00eddico a esa ciudad que queremos, estamos introduciendo a los reglamentos del municipio temas tan importantes como la movilidad que anteriormente no se tomaban en consideraci\u00f3n\u201d.<\/p>\n","protected":false},"excerpt":{"rendered":"<p>&nbsp; El Gobierno de Guadalajara comienza a revertir el crecimiento de una ciudad dispersa, desconectada, distante y desigual, afirm\u00f3 Patricia Mart\u00ednez Barba, Coordinadora de Gesti\u00f3n Integral de la Ciudad, quien afirm\u00f3 que ahora se trabaja por tener una metr\u00f3poli m\u00e1s compacta, cercana, conectada y equitativa \u00a0en la presentaci\u00f3n de resultados de \u201cCiudades de bajas emisiones: &hellip; <\/p>\n<p><a class=\"more-link btn\" href=\"https:\/\/lamendigapolitica.com\/?p=38156\">Seguir leyendo<\/a><\/p>\n","protected":false},"author":1,"featured_media":0,"comment_status":"open","ping_status":"closed","sticky":false,"template":"","format":"standard","meta":{"footnotes":""},"categories":[6,20,5,3],"tags":[],"class_list":["post-38156","post","type-post","status-publish","format-standard","hentry","category-congreso","category-gobierno","category-partidos","category-politica","item-wrap"],"_links":{"self":[{"href":"https:\/\/lamendigapolitica.com\/index.php?rest_route=\/wp\/v2\/posts\/38156","targetHints":{"allow":["GET"]}}],"collection":[{"href":"https:\/\/lamendigapolitica.com\/index.php?rest_route=\/wp\/v2\/posts"}],"about":[{"href":"https:\/\/lamendigapolitica.com\/index.php?rest_route=\/wp\/v2\/types\/post"}],"author":[{"embeddable":true,"href":"https:\/\/lamendigapolitica.com\/index.php?rest_route=\/wp\/v2\/users\/1"}],"replies":[{"embeddable":true,"href":"https:\/\/lamendigapolitica.com\/index.php?rest_route=%2Fwp%2Fv2%2Fcomments&post=38156"}],"version-history":[{"count":1,"href":"https:\/\/lamendigapolitica.com\/index.php?rest_route=\/wp\/v2\/posts\/38156\/revisions"}],"predecessor-version":[{"id":38158,"href":"https:\/\/lamendigapolitica.com\/index.php?rest_route=\/wp\/v2\/posts\/38156\/revisions\/38158"}],"wp:attachment":[{"href":"https:\/\/lamendigapolitica.com\/index.php?rest_route=%2Fwp%2Fv2%2Fmedia&parent=38156"}],"wp:term":[{"taxonomy":"category","embeddable":true,"href":"https:\/\/lamendigapolitica.com\/index.php?rest_route=%2Fwp%2Fv2%2Fcategories&post=38156"},{"taxonomy":"post_tag","embeddable":true,"href":"https:\/\/lamendigapolitica.com\/index.php?rest_route=%2Fwp%2Fv2%2Ftags&post=38156"}],"curies":[{"name":"wp","href":"https:\/\/api.w.org\/{rel}","templated":true}]}}