{"id":38153,"date":"2016-07-06T18:27:14","date_gmt":"2016-07-06T23:27:14","guid":{"rendered":"http:\/\/lamendigapolitica.com\/blog\/?p=38153"},"modified":"2016-07-06T18:27:14","modified_gmt":"2016-07-06T23:27:14","slug":"instalan-el-consejo-para-prevenir-y-eliminar-la-discriminacion-de-jalisco","status":"publish","type":"post","link":"https:\/\/lamendigapolitica.com\/?p=38153","title":{"rendered":"Instalan el Consejo para Prevenir y Eliminar la Discriminaci\u00f3n de Jalisco"},"content":{"rendered":"<p><a href=\"https:\/\/lamendigapolitica.com\/blog\/blog\/wp-content\/uploads\/2016\/07\/27520961334_08f76858bd_z.jpg\" rel=\"attachment wp-att-38154\"><img loading=\"lazy\" decoding=\"async\" class=\"aligncenter  wp-image-38154\" src=\"https:\/\/lamendigapolitica.com\/blog\/blog\/wp-content\/uploads\/2016\/07\/27520961334_08f76858bd_z.jpg\" alt=\"27520961334_08f76858bd_z\" width=\"350\" height=\"233\" srcset=\"https:\/\/lamendigapolitica.com\/wp-content\/uploads\/2016\/07\/27520961334_08f76858bd_z.jpg 640w, https:\/\/lamendigapolitica.com\/wp-content\/uploads\/2016\/07\/27520961334_08f76858bd_z-300x200.jpg 300w\" sizes=\"auto, (max-width: 350px) 100vw, 350px\" \/><\/a><\/p>\n<p>&nbsp;<\/p>\n<p>Fue instalado el Consejo para Prevenir y Eliminar la Discriminaci\u00f3n en el Estado de Jalisco, en el que se design\u00f3 como presidente al Secretario General de Gobierno, Roberto L\u00f3pez Lara, y como secretario t\u00e9cnico al Fiscal de Derechos Humanos, Dante Haro Reyes y en el cual participan instituciones, organismos p\u00fablicos y representantes de la sociedad civil.<\/p>\n<p>&nbsp;<\/p>\n<p>Krystian Luis Navarro, secretario t\u00e9cnico de la Comisi\u00f3n Ejecutiva de Atenci\u00f3n a V\u00edctimas Jalisco, presidi\u00f3 la sesi\u00f3n de instalaci\u00f3n de este Consejo, con fundamento de la Ley Estatal para promover la Igualdad, Prevenir y Eliminar la Discriminaci\u00f3n en el Estado de Jalisco. Se acord\u00f3 definir la ruta de trabajo para emitir el Reglamento de la Ley Estatal y el Reglamento Interno del Consejo que definir\u00e1 atribuciones y acciones correspondientes. El Consejo se establece como un \u00f3rgano auxiliar del Gobierno del Estado, que desarrollar\u00e1 y fortalecer\u00e1 pol\u00edticas p\u00fablicas de inclusi\u00f3n social para abatir la discriminaci\u00f3n.<\/p>\n<p>&nbsp;<\/p>\n<p>El Consejo es integrado por representantes de instituciones y organismos p\u00fablicos, tales como el Sistema DIF Jalisco, el Instituto Jalisciense de la Juventud, el Instituto Jalisciense de las Mujeres, el Instituto Jalisciense del Adulto Mayor, Consejo Estatal para la Atenci\u00f3n e Inclusi\u00f3n de Personas con Discapacidad, Comisi\u00f3n Estatal Ind\u00edgena y la Universidad de Guadalajara; as\u00ed como Rosalinda Mariscal Flores, Ra\u00fal Hern\u00e1ndez Alcal\u00e1, Evelia Sandoval Urban y Mois\u00e9s Cholico \u00c1vila, consejeros ciudadanos que representan a la sociedad civil.<\/p>\n","protected":false},"excerpt":{"rendered":"<p>&nbsp; Fue instalado el Consejo para Prevenir y Eliminar la Discriminaci\u00f3n en el Estado de Jalisco, en el que se design\u00f3 como presidente al Secretario General de Gobierno, Roberto L\u00f3pez Lara, y como secretario t\u00e9cnico al Fiscal de Derechos Humanos, Dante Haro Reyes y en el cual participan instituciones, organismos p\u00fablicos y representantes de la &hellip; <\/p>\n<p><a class=\"more-link btn\" href=\"https:\/\/lamendigapolitica.com\/?p=38153\">Seguir leyendo<\/a><\/p>\n","protected":false},"author":1,"featured_media":0,"comment_status":"open","ping_status":"closed","sticky":false,"template":"","format":"standard","meta":{"footnotes":""},"categories":[6,20,5,3,29,27,22],"tags":[],"class_list":["post-38153","post","type-post","status-publish","format-standard","hentry","category-congreso","category-gobierno","category-partidos","category-politica","category-salud","category-seguridad","category-sociales","item-wrap"],"_links":{"self":[{"href":"https:\/\/lamendigapolitica.com\/index.php?rest_route=\/wp\/v2\/posts\/38153","targetHints":{"allow":["GET"]}}],"collection":[{"href":"https:\/\/lamendigapolitica.com\/index.php?rest_route=\/wp\/v2\/posts"}],"about":[{"href":"https:\/\/lamendigapolitica.com\/index.php?rest_route=\/wp\/v2\/types\/post"}],"author":[{"embeddable":true,"href":"https:\/\/lamendigapolitica.com\/index.php?rest_route=\/wp\/v2\/users\/1"}],"replies":[{"embeddable":true,"href":"https:\/\/lamendigapolitica.com\/index.php?rest_route=%2Fwp%2Fv2%2Fcomments&post=38153"}],"version-history":[{"count":1,"href":"https:\/\/lamendigapolitica.com\/index.php?rest_route=\/wp\/v2\/posts\/38153\/revisions"}],"predecessor-version":[{"id":38155,"href":"https:\/\/lamendigapolitica.com\/index.php?rest_route=\/wp\/v2\/posts\/38153\/revisions\/38155"}],"wp:attachment":[{"href":"https:\/\/lamendigapolitica.com\/index.php?rest_route=%2Fwp%2Fv2%2Fmedia&parent=38153"}],"wp:term":[{"taxonomy":"category","embeddable":true,"href":"https:\/\/lamendigapolitica.com\/index.php?rest_route=%2Fwp%2Fv2%2Fcategories&post=38153"},{"taxonomy":"post_tag","embeddable":true,"href":"https:\/\/lamendigapolitica.com\/index.php?rest_route=%2Fwp%2Fv2%2Ftags&post=38153"}],"curies":[{"name":"wp","href":"https:\/\/api.w.org\/{rel}","templated":true}]}}