{"id":38150,"date":"2016-07-06T10:17:47","date_gmt":"2016-07-06T15:17:47","guid":{"rendered":"http:\/\/lamendigapolitica.com\/blog\/?p=38150"},"modified":"2016-07-06T10:17:47","modified_gmt":"2016-07-06T15:17:47","slug":"el-cambio-climatico-dejara-sin-agua-a-1071-municipios","status":"publish","type":"post","link":"https:\/\/lamendigapolitica.com\/?p=38150","title":{"rendered":"El cambio clim\u00e1tico dejar\u00e1 sin agua a 1,071 municipios"},"content":{"rendered":"<p><a href=\"https:\/\/lamendigapolitica.com\/blog\/blog\/wp-content\/uploads\/2016\/07\/agua.jpg\" rel=\"attachment wp-att-38151\"><img loading=\"lazy\" decoding=\"async\" class=\"aligncenter size-full wp-image-38151\" src=\"https:\/\/lamendigapolitica.com\/blog\/blog\/wp-content\/uploads\/2016\/07\/agua.jpg\" alt=\"agua\" width=\"275\" height=\"183\" \/><\/a><\/p>\n<p>&nbsp;<\/p>\n<p>Si no se act\u00faa con prontitud en el mediano plazo en el pa\u00eds el cambio clim\u00e1tico tendr\u00e1 un impacto negativo en el tema del, especialmente en el Valle de M\u00e9xico habr\u00e1 una crisis relacionada con el abasto del vital l\u00edquido, Mario L\u00f3pez P\u00e9rez, coordinador de Hidrolog\u00eda del Instituto Mexicano de Tecnolog\u00eda del Agua (IMTA), asegur\u00f3 que el desabasto llegar\u00eda en diez a\u00f1os aproximadamente, informa hoy el portal de noticias SinEmbargo.<\/p>\n<p>&nbsp;<\/p>\n<p>El \u201cAtlas de vulnerabilidad h\u00eddrica ante el cambio clim\u00e1tico. Efectos del cambio clim\u00e1tico en el recurso h\u00eddrico de M\u00e9xico\u201d, adem\u00e1s del tema del desabasto, destaca que el aumento de las temperaturas disminuir\u00e1 los escurrimientos del vital l\u00edquido hacia los mantos acu\u00edferos, ya que los expertos prev\u00e9n un aumento de 5.5 grados en el norte del pa\u00eds hac\u00eda el a\u00f1o 2075.<\/p>\n<p>&nbsp;<\/p>\n<p>La Comisi\u00f3n Nacional del Agua (Conagua) en colaboraci\u00f3n con el IMTA impulsaron los estudios de vulnerabilidad para conocer los efectos de este fen\u00f3meno en la disponibilidad tanto en cantidad como en calidad del vital l\u00edquido, en la agricultura, y en la sociedad ante sequ\u00edas, huracanes y tormentas tropicales. La Agencia del Consejo Nacional de Ciencia y Tecnolog\u00eda (Conacyt) inform\u00f3 que el documento cuenta con un diagn\u00f3stico de las vulnerabilidades h\u00eddricas que se proyectan como consecuencia del cambio clim\u00e1tico, lo cual lo convierte en una herramienta para la construcci\u00f3n de nuevas pol\u00edticas p\u00fablicas.<\/p>\n<p>&nbsp;<\/p>\n<p>Durante la presentaci\u00f3n del Atlas, L\u00f3pez P\u00e9rez subray\u00f3 que el mismo se basa en tres objetivos fundamentales: \u201cconvertirse en un documento de consulta sobre el diagn\u00f3stico de vulnerabilidades, una herramienta para la toma de decisiones y el motor de nuevas pol\u00edticas p\u00fablicas\u201d. Con el \u00cdndice de Vulnerabilidad Social (IVS), las autoridades correspondientes pueden identificar cu\u00e1les son las necesidades urgentes de las regiones m\u00e1s desfavorecidas del pa\u00eds y as\u00ed implementar pol\u00edticas p\u00fablicas para contribuir en la disminuci\u00f3n de las consecuencias negativas del cambio clim\u00e1tico en los procesos de desarrollo.<\/p>\n","protected":false},"excerpt":{"rendered":"<p>&nbsp; Si no se act\u00faa con prontitud en el mediano plazo en el pa\u00eds el cambio clim\u00e1tico tendr\u00e1 un impacto negativo en el tema del, especialmente en el Valle de M\u00e9xico habr\u00e1 una crisis relacionada con el abasto del vital l\u00edquido, Mario L\u00f3pez P\u00e9rez, coordinador de Hidrolog\u00eda del Instituto Mexicano de Tecnolog\u00eda del Agua (IMTA), &hellip; <\/p>\n<p><a class=\"more-link btn\" href=\"https:\/\/lamendigapolitica.com\/?p=38150\">Seguir leyendo<\/a><\/p>\n","protected":false},"author":1,"featured_media":0,"comment_status":"open","ping_status":"closed","sticky":false,"template":"","format":"standard","meta":{"footnotes":""},"categories":[6,30,20,5,3,29,27,22],"tags":[],"class_list":["post-38150","post","type-post","status-publish","format-standard","hentry","category-congreso","category-economia","category-gobierno","category-partidos","category-politica","category-salud","category-seguridad","category-sociales","item-wrap"],"_links":{"self":[{"href":"https:\/\/lamendigapolitica.com\/index.php?rest_route=\/wp\/v2\/posts\/38150","targetHints":{"allow":["GET"]}}],"collection":[{"href":"https:\/\/lamendigapolitica.com\/index.php?rest_route=\/wp\/v2\/posts"}],"about":[{"href":"https:\/\/lamendigapolitica.com\/index.php?rest_route=\/wp\/v2\/types\/post"}],"author":[{"embeddable":true,"href":"https:\/\/lamendigapolitica.com\/index.php?rest_route=\/wp\/v2\/users\/1"}],"replies":[{"embeddable":true,"href":"https:\/\/lamendigapolitica.com\/index.php?rest_route=%2Fwp%2Fv2%2Fcomments&post=38150"}],"version-history":[{"count":1,"href":"https:\/\/lamendigapolitica.com\/index.php?rest_route=\/wp\/v2\/posts\/38150\/revisions"}],"predecessor-version":[{"id":38152,"href":"https:\/\/lamendigapolitica.com\/index.php?rest_route=\/wp\/v2\/posts\/38150\/revisions\/38152"}],"wp:attachment":[{"href":"https:\/\/lamendigapolitica.com\/index.php?rest_route=%2Fwp%2Fv2%2Fmedia&parent=38150"}],"wp:term":[{"taxonomy":"category","embeddable":true,"href":"https:\/\/lamendigapolitica.com\/index.php?rest_route=%2Fwp%2Fv2%2Fcategories&post=38150"},{"taxonomy":"post_tag","embeddable":true,"href":"https:\/\/lamendigapolitica.com\/index.php?rest_route=%2Fwp%2Fv2%2Ftags&post=38150"}],"curies":[{"name":"wp","href":"https:\/\/api.w.org\/{rel}","templated":true}]}}