{"id":38126,"date":"2016-07-05T19:32:37","date_gmt":"2016-07-06T00:32:37","guid":{"rendered":"http:\/\/lamendigapolitica.com\/blog\/?p=38126"},"modified":"2016-07-05T19:32:37","modified_gmt":"2016-07-06T00:32:37","slug":"presentan-denuncia-de-juicio-politico-en-contra-el-magistrado-alberto-barba","status":"publish","type":"post","link":"https:\/\/lamendigapolitica.com\/?p=38126","title":{"rendered":"Presentan denuncia de juicio pol\u00edtico en contra el magistrado Alberto Barba"},"content":{"rendered":"<p><a href=\"https:\/\/lamendigapolitica.com\/blog\/blog\/wp-content\/uploads\/2016\/07\/27495810033_c19b7b2e9f_z.jpg\" rel=\"attachment wp-att-38127\"><img loading=\"lazy\" decoding=\"async\" class=\"aligncenter  wp-image-38127\" src=\"https:\/\/lamendigapolitica.com\/blog\/blog\/wp-content\/uploads\/2016\/07\/27495810033_c19b7b2e9f_z.jpg\" alt=\"27495810033_c19b7b2e9f_z\" width=\"317\" height=\"212\" srcset=\"https:\/\/lamendigapolitica.com\/wp-content\/uploads\/2016\/07\/27495810033_c19b7b2e9f_z.jpg 640w, https:\/\/lamendigapolitica.com\/wp-content\/uploads\/2016\/07\/27495810033_c19b7b2e9f_z-300x201.jpg 300w\" sizes=\"auto, (max-width: 317px) 100vw, 317px\" \/><\/a><\/p>\n<p>&nbsp;<\/p>\n<p>Pablo Lemus y Harold Dutton, vecino del fraccionamiento El Roble, presentaron ante la Oficial\u00eda de Partes del Congreso del Estado una denuncia de juicio pol\u00edtico en contra del magistrado Alberto Barba, quien preside la Sexta Sala del Tribunal de lo Administrativo del Estado (TAE), solicitando la destituci\u00f3n, y en su caso, la inhabilitaci\u00f3n en sus funciones.<\/p>\n<p>&nbsp;<\/p>\n<p>Las irregularidades que se imputan a Alberto Barba son la suspensi\u00f3n provisional amplia para la construcci\u00f3n del desarrollo Bosque Encantado; las diversas afirmativas fictas que emiti\u00f3 a particulares para permitir la instalaci\u00f3n y funcionamiento de distintos espectaculares, puentes peatonales, pantallas electr\u00f3nicas y bardas; el permiso para la construcci\u00f3n de la Gasolinera Servicio Tepeyac, que se localiza a tan s\u00f3lo unos metros de la Escuela Primaria Jos\u00e9 Mar\u00eda Morelos y Pav\u00f3n, pese a que la ley impide su instalaci\u00f3n para preservar la integridad de los ni\u00f1os.<\/p>\n<p>&nbsp;<\/p>\n<p>Tambi\u00e9n torres habitacionales en la calle Miguel de Unamuno, entregada al particular Alejandro Avelar; as\u00ed como la torre localizada en las calles E\u00e7a de Queir\u00f3s y Naciones Unidas, donde el uso de suelo impide la edificaci\u00f3n en estas zonas; y, finalmente, una gasolinera en la colonia de Atemajac del Valle, cuya resoluci\u00f3n fue otorgada por el magistrado Alberto Barba en tan s\u00f3lo 13 d\u00edas.<\/p>\n<p>&nbsp;<\/p>\n<p>Ismael del Toro, Coordinador de la bancada de Movimiento Ciudadano del Congreso del Estado, afirm\u00f3 que se cuenta con los elementos jur\u00eddicos y de prueba para que en Comisiones Legislativas, y posteriormente en el Pleno, se sancione al magistrado Alberto Barba.dijo\u00a0 que en esta Legislatura, sus miembros han querido poner el ejemplo para cambiar procedimientos y expres\u00f3 su confianza en que sus compa\u00f1eros diputados analizar\u00e1n esta denuncia con profundidad para su discusi\u00f3n.<\/p>\n<p>&nbsp;<\/p>\n<p>Harold Dutton, vecino del fraccionamiento Los Robles, afirm\u00f3 que desde la pasada administraci\u00f3n se solicit\u00f3 la negativa a la inmobiliaria Spinelli Corporation para la construcci\u00f3n de Bosque Encantado. \u201cSoy directamente afectado, somos vecinos con Bosque Encantado (\u2026). Si bien obtuvieron los permisos, se\u00f1alamos que no se cumplieron con algunas normas legales, como la Norma Ambiental Estatal NAE-SEMADES-001\/2003, y as\u00ed fue como pudieron justificar la tala de cerca de 200 \u00e1rboles\u201d, dijo.<\/p>\n","protected":false},"excerpt":{"rendered":"<p>&nbsp; Pablo Lemus y Harold Dutton, vecino del fraccionamiento El Roble, presentaron ante la Oficial\u00eda de Partes del Congreso del Estado una denuncia de juicio pol\u00edtico en contra del magistrado Alberto Barba, quien preside la Sexta Sala del Tribunal de lo Administrativo del Estado (TAE), solicitando la destituci\u00f3n, y en su caso, la inhabilitaci\u00f3n en &hellip; <\/p>\n<p><a class=\"more-link btn\" href=\"https:\/\/lamendigapolitica.com\/?p=38126\">Seguir leyendo<\/a><\/p>\n","protected":false},"author":1,"featured_media":0,"comment_status":"open","ping_status":"closed","sticky":false,"template":"","format":"standard","meta":{"footnotes":""},"categories":[6,20,5,3,27],"tags":[],"class_list":["post-38126","post","type-post","status-publish","format-standard","hentry","category-congreso","category-gobierno","category-partidos","category-politica","category-seguridad","item-wrap"],"_links":{"self":[{"href":"https:\/\/lamendigapolitica.com\/index.php?rest_route=\/wp\/v2\/posts\/38126","targetHints":{"allow":["GET"]}}],"collection":[{"href":"https:\/\/lamendigapolitica.com\/index.php?rest_route=\/wp\/v2\/posts"}],"about":[{"href":"https:\/\/lamendigapolitica.com\/index.php?rest_route=\/wp\/v2\/types\/post"}],"author":[{"embeddable":true,"href":"https:\/\/lamendigapolitica.com\/index.php?rest_route=\/wp\/v2\/users\/1"}],"replies":[{"embeddable":true,"href":"https:\/\/lamendigapolitica.com\/index.php?rest_route=%2Fwp%2Fv2%2Fcomments&post=38126"}],"version-history":[{"count":1,"href":"https:\/\/lamendigapolitica.com\/index.php?rest_route=\/wp\/v2\/posts\/38126\/revisions"}],"predecessor-version":[{"id":38128,"href":"https:\/\/lamendigapolitica.com\/index.php?rest_route=\/wp\/v2\/posts\/38126\/revisions\/38128"}],"wp:attachment":[{"href":"https:\/\/lamendigapolitica.com\/index.php?rest_route=%2Fwp%2Fv2%2Fmedia&parent=38126"}],"wp:term":[{"taxonomy":"category","embeddable":true,"href":"https:\/\/lamendigapolitica.com\/index.php?rest_route=%2Fwp%2Fv2%2Fcategories&post=38126"},{"taxonomy":"post_tag","embeddable":true,"href":"https:\/\/lamendigapolitica.com\/index.php?rest_route=%2Fwp%2Fv2%2Ftags&post=38126"}],"curies":[{"name":"wp","href":"https:\/\/api.w.org\/{rel}","templated":true}]}}