{"id":38118,"date":"2016-07-05T10:47:44","date_gmt":"2016-07-05T15:47:44","guid":{"rendered":"http:\/\/lamendigapolitica.com\/blog\/?p=38118"},"modified":"2016-07-05T10:47:44","modified_gmt":"2016-07-05T15:47:44","slug":"los-empresarios-en-contra-del-alza-en-electricidad","status":"publish","type":"post","link":"https:\/\/lamendigapolitica.com\/?p=38118","title":{"rendered":"Los empresarios en contra del alza en electricidad"},"content":{"rendered":"<p><a href=\"https:\/\/lamendigapolitica.com\/blog\/blog\/wp-content\/uploads\/2016\/07\/electricidad.jpg\" rel=\"attachment wp-att-38119\"><img loading=\"lazy\" decoding=\"async\" class=\"aligncenter size-full wp-image-38119\" src=\"https:\/\/lamendigapolitica.com\/blog\/blog\/wp-content\/uploads\/2016\/07\/electricidad.jpg\" alt=\"electricidad\" width=\"315\" height=\"160\" srcset=\"https:\/\/lamendigapolitica.com\/wp-content\/uploads\/2016\/07\/electricidad.jpg 315w, https:\/\/lamendigapolitica.com\/wp-content\/uploads\/2016\/07\/electricidad-300x152.jpg 300w\" sizes=\"auto, (max-width: 315px) 100vw, 315px\" \/><\/a><\/p>\n<p>&nbsp;<\/p>\n<p>Diversos organismos industriales advirtieron que las empresas del sector dif\u00edcilmente podr\u00e1n absorber el incremento a las tarifas el\u00e9ctricas que anunci\u00f3 la Comisi\u00f3n Federal de Electricidad (CFE) el pasado domingo, pues se da en un contexto en el que los costos de los productores que importan componentes se han elevado debido a la depreciaci\u00f3n del tipo de cambio y al reciente aumento a las gasolinas, publica hoy Sinembargo.<\/p>\n<p>&nbsp;<\/p>\n<p>El pasado domingo, la CFE inform\u00f3 de un aumento del 2 al 5 por ciento en las tarifas el\u00e9ctricas para el mes de julio, el cual afectar\u00e1 a los sectores industrial, comercial y domestico de alto consumo. La CFE justific\u00f3 e incremento debido al aumento en los precios del combustible que se utilizan para generar energ\u00eda el\u00e9ctrica.<\/p>\n<p>&nbsp;<\/p>\n<p>\u201cLos combustibles y gas natural tuvieron una alza en sus precios de un 8.4\u00a0 y 18 por ciento respectivamente, lo cual resulta imposible mantener las tarifas bajas que prometi\u00f3 la Reforma Energ\u00e9tica\u201d, precis\u00f3 en un comunicado. Indic\u00f3 que despu\u00e9s de cumplirse 18 meses consecutivos de reducciones a las tarifas el\u00e9ctricas para el sector industrial en su comparaci\u00f3n interanual, \u00e9stas aumentan para el mes de julio de 2016 respecto a julio de 2015.<\/p>\n<p>&nbsp;<\/p>\n<p>Las tarifas el\u00e9ctricas para este sector tendr\u00e1n un incremento entre el 2 y 5 por ciento, en el comercial ser\u00e1 entre el 5 y 7 por ciento, mientras que para el dom\u00e9stico de alto consumo las tarifas registraron un incremento del 6.8 por ciento, respecto al mismo mes del a\u00f1o pasado.<\/p>\n","protected":false},"excerpt":{"rendered":"<p>&nbsp; Diversos organismos industriales advirtieron que las empresas del sector dif\u00edcilmente podr\u00e1n absorber el incremento a las tarifas el\u00e9ctricas que anunci\u00f3 la Comisi\u00f3n Federal de Electricidad (CFE) el pasado domingo, pues se da en un contexto en el que los costos de los productores que importan componentes se han elevado debido a la depreciaci\u00f3n del &hellip; <\/p>\n<p><a class=\"more-link btn\" href=\"https:\/\/lamendigapolitica.com\/?p=38118\">Seguir leyendo<\/a><\/p>\n","protected":false},"author":1,"featured_media":0,"comment_status":"open","ping_status":"closed","sticky":false,"template":"","format":"standard","meta":{"footnotes":""},"categories":[6,30,20,5,3],"tags":[],"class_list":["post-38118","post","type-post","status-publish","format-standard","hentry","category-congreso","category-economia","category-gobierno","category-partidos","category-politica","item-wrap"],"_links":{"self":[{"href":"https:\/\/lamendigapolitica.com\/index.php?rest_route=\/wp\/v2\/posts\/38118","targetHints":{"allow":["GET"]}}],"collection":[{"href":"https:\/\/lamendigapolitica.com\/index.php?rest_route=\/wp\/v2\/posts"}],"about":[{"href":"https:\/\/lamendigapolitica.com\/index.php?rest_route=\/wp\/v2\/types\/post"}],"author":[{"embeddable":true,"href":"https:\/\/lamendigapolitica.com\/index.php?rest_route=\/wp\/v2\/users\/1"}],"replies":[{"embeddable":true,"href":"https:\/\/lamendigapolitica.com\/index.php?rest_route=%2Fwp%2Fv2%2Fcomments&post=38118"}],"version-history":[{"count":1,"href":"https:\/\/lamendigapolitica.com\/index.php?rest_route=\/wp\/v2\/posts\/38118\/revisions"}],"predecessor-version":[{"id":38120,"href":"https:\/\/lamendigapolitica.com\/index.php?rest_route=\/wp\/v2\/posts\/38118\/revisions\/38120"}],"wp:attachment":[{"href":"https:\/\/lamendigapolitica.com\/index.php?rest_route=%2Fwp%2Fv2%2Fmedia&parent=38118"}],"wp:term":[{"taxonomy":"category","embeddable":true,"href":"https:\/\/lamendigapolitica.com\/index.php?rest_route=%2Fwp%2Fv2%2Fcategories&post=38118"},{"taxonomy":"post_tag","embeddable":true,"href":"https:\/\/lamendigapolitica.com\/index.php?rest_route=%2Fwp%2Fv2%2Ftags&post=38118"}],"curies":[{"name":"wp","href":"https:\/\/api.w.org\/{rel}","templated":true}]}}