{"id":38114,"date":"2016-07-05T10:27:50","date_gmt":"2016-07-05T15:27:50","guid":{"rendered":"http:\/\/lamendigapolitica.com\/blog\/?p=38114"},"modified":"2016-07-05T10:27:50","modified_gmt":"2016-07-05T15:27:50","slug":"en-2015-mataron-a-185-ambientalistas","status":"publish","type":"post","link":"https:\/\/lamendigapolitica.com\/?p=38114","title":{"rendered":"En 2015 mataron a 185 ambientalistas"},"content":{"rendered":"<p><a href=\"https:\/\/lamendigapolitica.com\/blog\/blog\/wp-content\/uploads\/2016\/07\/ambientalista.jpg\" rel=\"attachment wp-att-38115\"><img loading=\"lazy\" decoding=\"async\" class=\"aligncenter size-full wp-image-38115\" src=\"https:\/\/lamendigapolitica.com\/blog\/blog\/wp-content\/uploads\/2016\/07\/ambientalista.jpg\" alt=\"ambientalista\" width=\"299\" height=\"168\" \/><\/a><\/p>\n<p>&nbsp;<\/p>\n<p>M\u00e1s de tres personas murieron asesinadas a la semana por resguardar sus tierras, sus bosques y sus r\u00edos, recursos naturales arrebatados por \u201cindustrias destructivas\u201d, afirm\u00f3 la organizaci\u00f3n internacional Global Witness en su reciente informe \u201cEn terreno peligroso\u201d, asegurando que el fue el peor a\u00f1o de la historia para los defensores medioambientales en el mundo, publica el diario SinEmbargo.<\/p>\n<p>&nbsp;<\/p>\n<p>El reporte publicado por el portal de noticias capitalino arroja que durante el 2015, 185 activistas de todo el mundo fueron asesinados por intentar proteger a la naturaleza y sus recursos, dicha cifra supera representa un aumento del 59 por ciento respecto a 2014. Sin embargo, la organizaci\u00f3n advierte que las restricciones informativas y la falta de denuncias implican que la cifra real sea a\u00fan mayor.<\/p>\n<p>Los pa\u00edses m\u00e1s mort\u00edferos para los activistas de la tierra y el medio ambiente fueron Brasil y Filipinas, con 50 y 33 asesinatos, respectivamente, que representan cifras nunca vistas en estos pa\u00edses. Les siguen Colombia con 26 muertes; Per\u00fa, con 12; Nicaragua, con 12, y la Rep\u00fablica Democr\u00e1tica del Congo, con 11.<\/p>\n<p>En nuestro pa\u00eds, cuatro activistas fueron privados de la vida el a\u00f1o pasado por cuidar los recursos naturales que pertenecen a todos los mexicanos: Juli\u00e1n Gonz\u00e1lez Dom\u00ednguez, dirigente de la zona triqui de la Red Internacional de Ind\u00edgenas Oaxaque\u00f1os (RIIO), fue asesinado el 11 de enero tras ser levantado por un comando de aproximadamente diez personas.<\/p>\n<p>&nbsp;<\/p>\n<p>El 4 de febrero, Gustavo Salgado Delgado, activista y dirigente del Frente Popular Revolucionario en el estado de Morelos, fue hallado sin vida sobre la carretera Moyotepec- Las Piedras. El Comit\u00e9 Central del Frente Popular Revolucionario responsabiliz\u00f3 al Gobierno de Graco Luis Ram\u00edrez Garrido Abreu, al Estado mexicano en general y a los caciques de Iguala por el crimen.<\/p>\n<p>&nbsp;<\/p>\n<p>La definici\u00f3n de Global Witness para los defensores de la tierra y el medio ambiente \u201cabarca a todas las personas que act\u00faan pac\u00edficamente para proteger los derechos sobre la tierra o el medio ambiente, ya sea a t\u00edtulo personal o profesional. Generalmente son personas comunes y corrientes que viven en bosques remotos o aldeas de monta\u00f1a, que es posible que ni siquiera sepan que se las considera \u2018defensores de la tierra y el medio ambiente&#8217;\u201d.<\/p>\n<p>&nbsp;<\/p>\n<p>Adem\u00e1s pueden ser periodistas, activistas o abogados que se han comprometido a arrojar luz sobre la destrucci\u00f3n del medio ambiente. Algunos son l\u00edderes ind\u00edgenas que defienden sus tierras tradicionales frente a proyectos mineros o de construcci\u00f3n de presas. Mientras que otros son guardas de parques forestales que combaten la tala ilegal y la deforestaci\u00f3n para conservar los bosques\u201d.<\/p>\n","protected":false},"excerpt":{"rendered":"<p>&nbsp; M\u00e1s de tres personas murieron asesinadas a la semana por resguardar sus tierras, sus bosques y sus r\u00edos, recursos naturales arrebatados por \u201cindustrias destructivas\u201d, afirm\u00f3 la organizaci\u00f3n internacional Global Witness en su reciente informe \u201cEn terreno peligroso\u201d, asegurando que el fue el peor a\u00f1o de la historia para los defensores medioambientales en el mundo, &hellip; <\/p>\n<p><a class=\"more-link btn\" href=\"https:\/\/lamendigapolitica.com\/?p=38114\">Seguir leyendo<\/a><\/p>\n","protected":false},"author":1,"featured_media":0,"comment_status":"open","ping_status":"closed","sticky":false,"template":"","format":"standard","meta":{"footnotes":""},"categories":[6,30,28,20,31,5,3,27,22],"tags":[],"class_list":["post-38114","post","type-post","status-publish","format-standard","hentry","category-congreso","category-economia","category-educacion","category-gobierno","category-internacional","category-partidos","category-politica","category-seguridad","category-sociales","item-wrap"],"_links":{"self":[{"href":"https:\/\/lamendigapolitica.com\/index.php?rest_route=\/wp\/v2\/posts\/38114","targetHints":{"allow":["GET"]}}],"collection":[{"href":"https:\/\/lamendigapolitica.com\/index.php?rest_route=\/wp\/v2\/posts"}],"about":[{"href":"https:\/\/lamendigapolitica.com\/index.php?rest_route=\/wp\/v2\/types\/post"}],"author":[{"embeddable":true,"href":"https:\/\/lamendigapolitica.com\/index.php?rest_route=\/wp\/v2\/users\/1"}],"replies":[{"embeddable":true,"href":"https:\/\/lamendigapolitica.com\/index.php?rest_route=%2Fwp%2Fv2%2Fcomments&post=38114"}],"version-history":[{"count":1,"href":"https:\/\/lamendigapolitica.com\/index.php?rest_route=\/wp\/v2\/posts\/38114\/revisions"}],"predecessor-version":[{"id":38116,"href":"https:\/\/lamendigapolitica.com\/index.php?rest_route=\/wp\/v2\/posts\/38114\/revisions\/38116"}],"wp:attachment":[{"href":"https:\/\/lamendigapolitica.com\/index.php?rest_route=%2Fwp%2Fv2%2Fmedia&parent=38114"}],"wp:term":[{"taxonomy":"category","embeddable":true,"href":"https:\/\/lamendigapolitica.com\/index.php?rest_route=%2Fwp%2Fv2%2Fcategories&post=38114"},{"taxonomy":"post_tag","embeddable":true,"href":"https:\/\/lamendigapolitica.com\/index.php?rest_route=%2Fwp%2Fv2%2Ftags&post=38114"}],"curies":[{"name":"wp","href":"https:\/\/api.w.org\/{rel}","templated":true}]}}