{"id":38102,"date":"2016-07-05T09:37:54","date_gmt":"2016-07-05T14:37:54","guid":{"rendered":"http:\/\/lamendigapolitica.com\/blog\/?p=38102"},"modified":"2016-07-05T09:37:54","modified_gmt":"2016-07-05T14:37:54","slug":"padres-tendra-que-comparecer","status":"publish","type":"post","link":"https:\/\/lamendigapolitica.com\/?p=38102","title":{"rendered":"Padr\u00e9s tendr\u00e1 que comparecer"},"content":{"rendered":"<p><a href=\"https:\/\/lamendigapolitica.com\/blog\/blog\/wp-content\/uploads\/2016\/07\/padres.jpg\" rel=\"attachment wp-att-38103\"><img loading=\"lazy\" decoding=\"async\" class=\"aligncenter  wp-image-38103\" src=\"https:\/\/lamendigapolitica.com\/blog\/blog\/wp-content\/uploads\/2016\/07\/padres.jpg\" alt=\"padres\" width=\"374\" height=\"187\" srcset=\"https:\/\/lamendigapolitica.com\/wp-content\/uploads\/2016\/07\/padres.jpg 318w, https:\/\/lamendigapolitica.com\/wp-content\/uploads\/2016\/07\/padres-300x150.jpg 300w\" sizes=\"auto, (max-width: 374px) 100vw, 374px\" \/><\/a><\/p>\n<p>&nbsp;<\/p>\n<p>El ex gobernador de Sonora, Guillermo Padr\u00e9s, fracas\u00f3 en el intento de evitar un citatorio ante la Procuradur\u00eda General de Justicia de Sonora, luego de que un juez federal desechara un amparo que promovi\u00f3 contra dicha comparecencia.<\/p>\n<p>&nbsp;<\/p>\n<p>Cabe recordar que en d\u00edas pasados la gobernadora actual de Sonora, Claudia Pavlovich pidi\u00f3 a la Procuradur\u00eda General de la Rep\u00fablica, encabezada por Arely G\u00f3mez, que concluya las investigaciones contra Padr\u00e9s. Padr\u00e9s ya antes falt\u00f3 a un citatorio emitido por la PGR, raz\u00f3n por la que se le impuso una multa.<\/p>\n<p>&nbsp;<\/p>\n<p>De acuerdo a las investigaciones de la Contralor\u00eda General del Estado de Sonora, durante la administraci\u00f3n de Padr\u00e9s hubo un desfalco al erario por m\u00e1s de 30 mil millones de pesos. Al ex funcionario se le investiga por ejercicio indebido del servicio p\u00fablico, ejercicio abusivo de funciones y delitos contra la administraci\u00f3n de la justicia.<\/p>\n<p>&nbsp;<\/p>\n<p>En el recurso referido, con folio 766\/2016, la defensa de Padr\u00e9s argumentaba que las citas ante la procuradur\u00eda carec\u00edan de fundamento, sin embargo el Juez Segundo de Distrito de Sonora, Manuel Hiram Rivera, desestim\u00f3 el alegato. Padr\u00e9s ha presentado anteriormente otros amparos, como el que tramit\u00f3 en la Ciudad de M\u00e9xico para suspender cualquier orden de presentaci\u00f3n, localizaci\u00f3n o aprehensi\u00f3n en su contra.<\/p>\n","protected":false},"excerpt":{"rendered":"<p>&nbsp; El ex gobernador de Sonora, Guillermo Padr\u00e9s, fracas\u00f3 en el intento de evitar un citatorio ante la Procuradur\u00eda General de Justicia de Sonora, luego de que un juez federal desechara un amparo que promovi\u00f3 contra dicha comparecencia. &nbsp; Cabe recordar que en d\u00edas pasados la gobernadora actual de Sonora, Claudia Pavlovich pidi\u00f3 a la &hellip; <\/p>\n<p><a class=\"more-link btn\" href=\"https:\/\/lamendigapolitica.com\/?p=38102\">Seguir leyendo<\/a><\/p>\n","protected":false},"author":1,"featured_media":0,"comment_status":"open","ping_status":"closed","sticky":false,"template":"","format":"standard","meta":{"footnotes":""},"categories":[6,20,5,3],"tags":[],"class_list":["post-38102","post","type-post","status-publish","format-standard","hentry","category-congreso","category-gobierno","category-partidos","category-politica","item-wrap"],"_links":{"self":[{"href":"https:\/\/lamendigapolitica.com\/index.php?rest_route=\/wp\/v2\/posts\/38102","targetHints":{"allow":["GET"]}}],"collection":[{"href":"https:\/\/lamendigapolitica.com\/index.php?rest_route=\/wp\/v2\/posts"}],"about":[{"href":"https:\/\/lamendigapolitica.com\/index.php?rest_route=\/wp\/v2\/types\/post"}],"author":[{"embeddable":true,"href":"https:\/\/lamendigapolitica.com\/index.php?rest_route=\/wp\/v2\/users\/1"}],"replies":[{"embeddable":true,"href":"https:\/\/lamendigapolitica.com\/index.php?rest_route=%2Fwp%2Fv2%2Fcomments&post=38102"}],"version-history":[{"count":1,"href":"https:\/\/lamendigapolitica.com\/index.php?rest_route=\/wp\/v2\/posts\/38102\/revisions"}],"predecessor-version":[{"id":38104,"href":"https:\/\/lamendigapolitica.com\/index.php?rest_route=\/wp\/v2\/posts\/38102\/revisions\/38104"}],"wp:attachment":[{"href":"https:\/\/lamendigapolitica.com\/index.php?rest_route=%2Fwp%2Fv2%2Fmedia&parent=38102"}],"wp:term":[{"taxonomy":"category","embeddable":true,"href":"https:\/\/lamendigapolitica.com\/index.php?rest_route=%2Fwp%2Fv2%2Fcategories&post=38102"},{"taxonomy":"post_tag","embeddable":true,"href":"https:\/\/lamendigapolitica.com\/index.php?rest_route=%2Fwp%2Fv2%2Ftags&post=38102"}],"curies":[{"name":"wp","href":"https:\/\/api.w.org\/{rel}","templated":true}]}}