{"id":38099,"date":"2016-07-05T09:31:25","date_gmt":"2016-07-05T14:31:25","guid":{"rendered":"http:\/\/lamendigapolitica.com\/blog\/?p=38099"},"modified":"2016-07-05T09:31:25","modified_gmt":"2016-07-05T14:31:25","slug":"en-apoyo-a-la-cnte-se-van-aparo-escuelas-de-la-cdmx","status":"publish","type":"post","link":"https:\/\/lamendigapolitica.com\/?p=38099","title":{"rendered":"En apoyo a la CNTE se van aparo escuelas de la CDMX"},"content":{"rendered":"<p><a href=\"https:\/\/lamendigapolitica.com\/blog\/blog\/wp-content\/uploads\/2016\/07\/cnte.jpg\" rel=\"attachment wp-att-38100\"><img loading=\"lazy\" decoding=\"async\" class=\"aligncenter size-full wp-image-38100\" src=\"https:\/\/lamendigapolitica.com\/blog\/blog\/wp-content\/uploads\/2016\/07\/cnte.jpg\" alt=\"cnte\" width=\"280\" height=\"180\" \/><\/a><\/p>\n<p>&nbsp;<\/p>\n<p>En apoyo a la lucha de la Coordinadora Nacional de Trabajadores de la Educaci\u00f3n (CNTE) en contra de la reforma educativa, escuelas de la Ciudad de M\u00e9xico iniciaron un paro de labores.<\/p>\n<p>&nbsp;<\/p>\n<p>Se trata de las primarias y secundarias de las delegaciones Tl\u00e1huac, Iztapalapa, en la Hip\u00f3dromo de Peralvillo y en la zona del Centro Hist\u00f3rico. Se prev\u00e9 que alrededor de las 9 de la ma\u00f1ana, maestros y padres de familia se concentren en las zonas escolares.<\/p>\n<p>&nbsp;<\/p>\n<p>\u201cHoy es urgente y necesario sumarnos de forma masiva a esa actividad (el paro), aportando nuestro esfuerzo como magisterio de la Secci\u00f3n 9 para darle mayor contundencia a la recolecci\u00f3n de fuerzas a favor de la digna lucha del magisterio y el pueblo de M\u00e9xico\u201d, se\u00f1al\u00f3 en un comunicado la Secci\u00f3n 9 de la CNTE.<\/p>\n<p>&nbsp;<\/p>\n<p>Desde el 15 de mayo pasado Chiapas, Michoac\u00e1n, Guerrero y Oaxaca est\u00e1n en paro de labores, el cual es intermitente pues hay d\u00edas en que el cierre llega hasta 20% de las escuelas y otros donde son menos de 10% las que est\u00e1n paradas.<\/p>\n","protected":false},"excerpt":{"rendered":"<p>&nbsp; En apoyo a la lucha de la Coordinadora Nacional de Trabajadores de la Educaci\u00f3n (CNTE) en contra de la reforma educativa, escuelas de la Ciudad de M\u00e9xico iniciaron un paro de labores. &nbsp; Se trata de las primarias y secundarias de las delegaciones Tl\u00e1huac, Iztapalapa, en la Hip\u00f3dromo de Peralvillo y en la zona &hellip; <\/p>\n<p><a class=\"more-link btn\" href=\"https:\/\/lamendigapolitica.com\/?p=38099\">Seguir leyendo<\/a><\/p>\n","protected":false},"author":1,"featured_media":0,"comment_status":"open","ping_status":"closed","sticky":false,"template":"","format":"standard","meta":{"footnotes":""},"categories":[6,30,28,20,5,3,27],"tags":[],"class_list":["post-38099","post","type-post","status-publish","format-standard","hentry","category-congreso","category-economia","category-educacion","category-gobierno","category-partidos","category-politica","category-seguridad","item-wrap"],"_links":{"self":[{"href":"https:\/\/lamendigapolitica.com\/index.php?rest_route=\/wp\/v2\/posts\/38099","targetHints":{"allow":["GET"]}}],"collection":[{"href":"https:\/\/lamendigapolitica.com\/index.php?rest_route=\/wp\/v2\/posts"}],"about":[{"href":"https:\/\/lamendigapolitica.com\/index.php?rest_route=\/wp\/v2\/types\/post"}],"author":[{"embeddable":true,"href":"https:\/\/lamendigapolitica.com\/index.php?rest_route=\/wp\/v2\/users\/1"}],"replies":[{"embeddable":true,"href":"https:\/\/lamendigapolitica.com\/index.php?rest_route=%2Fwp%2Fv2%2Fcomments&post=38099"}],"version-history":[{"count":1,"href":"https:\/\/lamendigapolitica.com\/index.php?rest_route=\/wp\/v2\/posts\/38099\/revisions"}],"predecessor-version":[{"id":38101,"href":"https:\/\/lamendigapolitica.com\/index.php?rest_route=\/wp\/v2\/posts\/38099\/revisions\/38101"}],"wp:attachment":[{"href":"https:\/\/lamendigapolitica.com\/index.php?rest_route=%2Fwp%2Fv2%2Fmedia&parent=38099"}],"wp:term":[{"taxonomy":"category","embeddable":true,"href":"https:\/\/lamendigapolitica.com\/index.php?rest_route=%2Fwp%2Fv2%2Fcategories&post=38099"},{"taxonomy":"post_tag","embeddable":true,"href":"https:\/\/lamendigapolitica.com\/index.php?rest_route=%2Fwp%2Fv2%2Ftags&post=38099"}],"curies":[{"name":"wp","href":"https:\/\/api.w.org\/{rel}","templated":true}]}}