{"id":38095,"date":"2016-07-04T16:41:00","date_gmt":"2016-07-04T21:41:00","guid":{"rendered":"http:\/\/lamendigapolitica.com\/blog\/?p=38095"},"modified":"2016-07-04T16:41:00","modified_gmt":"2016-07-04T21:41:00","slug":"populismo-de-primer-mundo","status":"publish","type":"post","link":"https:\/\/lamendigapolitica.com\/?p=38095","title":{"rendered":"Populismo de primer mundo\u2026"},"content":{"rendered":"<p><a href=\"https:\/\/lamendigapolitica.com\/blog\/blog\/wp-content\/uploads\/2016\/07\/guero11.jpg\" rel=\"attachment wp-att-38096\"><img loading=\"lazy\" decoding=\"async\" class=\"alignleft size-thumbnail wp-image-38096\" src=\"https:\/\/lamendigapolitica.com\/blog\/blog\/wp-content\/uploads\/2016\/07\/guero11-150x150.jpg\" alt=\"guero11\" width=\"150\" height=\"150\" \/><\/a><\/p>\n<h3><span style=\"color: #003366;\">CAVILANDO ANDO\/Alfonso Garc\u00eda Sevilla<\/span><\/h3>\n<p>En la actualidad y dentro de sus variantes en cuanto al significado, \u00a0al populismo se le define de forma peyorativa para referirse a aquellos pol\u00edticos contrarios a los gobiernos; actores que se\u00f1alan los errores y desatinos de la clase en el poder y que desde una verborrea demag\u00f3gica se erigen como la mejor opci\u00f3n para el pueblo.<\/p>\n<p>Asimismo existen gobiernos de corte populista, los cuales tienen su fundamento en la reivindicaci\u00f3n del pueblo y se basan en medidas tendientes a ganar la simpat\u00eda del electorado con actos como la estatizaci\u00f3n de sectores de la econom\u00eda o pol\u00edticas de apoyos a los m\u00e1s desprotegidos.<\/p>\n<p>En M\u00e9xico durante a\u00f1os hemos vivido en un sistema pol\u00edtico que tiene al populismo como fundamento primordial y que ha mantenido al PRI en el poder mediante el dispendio de recursos p\u00fablicos traducidos en programas para el combate a la desigualdad que no atacan de fondo la ra\u00edz del problema, por el contrario cada sexenio que termina deja una herencia de m\u00e1s pobres y una brecha enorme en la distribuci\u00f3n del ingreso.<\/p>\n<p>En su m\u00e1s reciente participaci\u00f3n en la Cumbre de L\u00edderes de Norteam\u00e9rica, el Presidente Pe\u00f1a Nieto fue vapuleado por su hom\u00f3logo estadounidense, Barack Obama, al hacer referencia a \u201cque en este mundo se presentan en distintas partes actores pol\u00edticos, liderazgos pol\u00edticos que asumen posiciones populistas y demag\u00f3gicas pretendiendo eliminar o destruir lo que se ha construido, lo que ha tomado d\u00e9cadas construir para revertir problemas del pasado\u201d.<\/p>\n<p>La respuesta del primer mandatario de EUA fue muy contundente, condenando la ret\u00f3rica de Pe\u00f1a como tambi\u00e9n populista y \u00e9l mismo se defini\u00f3 como tal, ya que desde la perspectiva norteamericana Obama defini\u00f3 al populismo como la forma necesaria para que el sistema funcione a trav\u00e9s del pago de impuestos justo y que este sirva para que todos sus connacionales tengan acceso a las mismas oportunidades de seguridad, salud, alimentaci\u00f3n, educaci\u00f3n, empleo, etc. Sin importar las condiciones en las que nacen.<\/p>\n<p>No es fortuito que Estados Unidos tenga uno de los \u00edndices de bienestar m\u00e1s altos del planeta y que en M\u00e9xico la inversi\u00f3n contra la pobreza, que en el 2015 fue de 907,143,043 millones de pesos no se invierta en generar condiciones para potencializar el desarrollo de las capacidades del individuo, sino que se traduce en el mantenimiento de una abultada burocracia encargada de entregar paliativos para que el pobre no supere su estado, sino tan solo lo pueda atenuar.<\/p>\n<p>En nuestro pa\u00eds los recursos para combatir la pobreza se utilizan como una forma de mantener la clientela electoral mediante paliativos y no como una inversi\u00f3n para que los mexicanos puedan tener acceso a las mismas oportunidades. De nada sirve regalar televisiones de alta definici\u00f3n cuando nuestro n\u00famero de pobres ronda los 54 millones y contando.<\/p>\n<p class=\"ecxMsoNormal\">De tal suerte que Pe\u00f1a y los pol\u00edticos mexicanos deber\u00edan redefinir su concepto de \u201cPopulismo\u201d y echarle un vistazo a los resultados del populismo americano, a ver s\u00ed as\u00ed deja de dilapidar de forma \u201cpopulista\u201d los dineros de la naci\u00f3n y entienden que el bienestar de sus gobernados es la prioridad de su trabajo. Mientras a seguir aguando nuestro populismo demag\u00f3gico de tercer mundo.<\/p>\n<h3 class=\"ecxMsoNormal\">\u00a0Analista pol\u00edtico<\/h3>\n<h3>@aagsevilla<\/h3>\n","protected":false},"excerpt":{"rendered":"<p>CAVILANDO ANDO\/Alfonso Garc\u00eda Sevilla En la actualidad y dentro de sus variantes en cuanto al significado, \u00a0al populismo se le define de forma peyorativa para referirse a aquellos pol\u00edticos contrarios a los gobiernos; actores que se\u00f1alan los errores y desatinos de la clase en el poder y que desde una verborrea demag\u00f3gica se erigen como &hellip; <\/p>\n<p><a class=\"more-link btn\" href=\"https:\/\/lamendigapolitica.com\/?p=38095\">Seguir leyendo<\/a><\/p>\n","protected":false},"author":1,"featured_media":0,"comment_status":"open","ping_status":"closed","sticky":false,"template":"","format":"standard","meta":{"footnotes":""},"categories":[1,6,20,31,5,3],"tags":[],"class_list":["post-38095","post","type-post","status-publish","format-standard","hentry","category-columnista","category-congreso","category-gobierno","category-internacional","category-partidos","category-politica","item-wrap"],"_links":{"self":[{"href":"https:\/\/lamendigapolitica.com\/index.php?rest_route=\/wp\/v2\/posts\/38095","targetHints":{"allow":["GET"]}}],"collection":[{"href":"https:\/\/lamendigapolitica.com\/index.php?rest_route=\/wp\/v2\/posts"}],"about":[{"href":"https:\/\/lamendigapolitica.com\/index.php?rest_route=\/wp\/v2\/types\/post"}],"author":[{"embeddable":true,"href":"https:\/\/lamendigapolitica.com\/index.php?rest_route=\/wp\/v2\/users\/1"}],"replies":[{"embeddable":true,"href":"https:\/\/lamendigapolitica.com\/index.php?rest_route=%2Fwp%2Fv2%2Fcomments&post=38095"}],"version-history":[{"count":1,"href":"https:\/\/lamendigapolitica.com\/index.php?rest_route=\/wp\/v2\/posts\/38095\/revisions"}],"predecessor-version":[{"id":38097,"href":"https:\/\/lamendigapolitica.com\/index.php?rest_route=\/wp\/v2\/posts\/38095\/revisions\/38097"}],"wp:attachment":[{"href":"https:\/\/lamendigapolitica.com\/index.php?rest_route=%2Fwp%2Fv2%2Fmedia&parent=38095"}],"wp:term":[{"taxonomy":"category","embeddable":true,"href":"https:\/\/lamendigapolitica.com\/index.php?rest_route=%2Fwp%2Fv2%2Fcategories&post=38095"},{"taxonomy":"post_tag","embeddable":true,"href":"https:\/\/lamendigapolitica.com\/index.php?rest_route=%2Fwp%2Fv2%2Ftags&post=38095"}],"curies":[{"name":"wp","href":"https:\/\/api.w.org\/{rel}","templated":true}]}}