{"id":38092,"date":"2016-07-04T16:05:16","date_gmt":"2016-07-04T21:05:16","guid":{"rendered":"http:\/\/lamendigapolitica.com\/blog\/?p=38092"},"modified":"2016-07-04T16:05:28","modified_gmt":"2016-07-04T21:05:28","slug":"bajo-operativos-de-seguridad-eu-celebra-dia-de-la-independencia","status":"publish","type":"post","link":"https:\/\/lamendigapolitica.com\/?p=38092","title":{"rendered":"Bajo operativos de seguridad EU celebra D\u00eda de la Independencia"},"content":{"rendered":"<p><a href=\"https:\/\/lamendigapolitica.com\/blog\/blog\/wp-content\/uploads\/2016\/07\/4-de-julio.jpg\" rel=\"attachment wp-att-38093\"><img loading=\"lazy\" decoding=\"async\" class=\"aligncenter wp-image-38093\" src=\"https:\/\/lamendigapolitica.com\/blog\/blog\/wp-content\/uploads\/2016\/07\/4-de-julio.jpg\" alt=\"4 de julio\" width=\"350\" height=\"218\" \/><\/a><\/p>\n<p>&nbsp;<\/p>\n<p>La serie de atentados terrorista que se han registrado en diferentes puntos del mundo se hicieron evidentes este lunes en la capital estadounidense con un mayor despliegue de fuerzas policiales con motivo de las celebraciones por el D\u00eda de la Independencia.<\/p>\n<p>&nbsp;<\/p>\n<p>El refuerzo de la seguridad fue evidente en las grandes urbes como Nueva York y Los \u00c1ngeles, as\u00ed como en la mayor\u00eda de los aeropuertos donde una creciente presencia de agentes armados, as\u00ed como perros entrenados para detectar explosivos, fue notoria desde el mi\u00e9rcoles pasado, d\u00eda de los ataques en Estambul. El secretario de Seguridad Interna (DHS), Jeh Johnson, dijo a legisladores que el reforzamiento de las medidas de seguridad en los aeropuertos ocurri\u00f3 desde los ataques en el aeropuerto de Bruselas, B\u00e9lgica, el pasado 22 de marzo.<\/p>\n<p>&nbsp;<\/p>\n<p>\u00abEl p\u00fablico estadunidense debe esperar este 4 de julio una presencia de agentes de seguridad incrementada en aeropuertos, estaciones de ferrocarriles y otros centros de tr\u00e1nsito a trav\u00e9s del pa\u00eds, tanto por personal del TSA (Administraci\u00f3n de Seguridad en el Transporte), y agencias policiales estatales y locales\u00bb, apunt\u00f3. Johnson indic\u00f3 que la dependencia se coordin\u00f3 con autoridades estatales y locales para incrementar las medidas de seguridad en la v\u00edspera de este feriado, pero llam\u00f3 a la poblaci\u00f3n a mantenerse alerta.<\/p>\n<p>&nbsp;<\/p>\n<p>La jefa de la polic\u00eda de Washington, Cathy Lanier, mencion\u00f3 que el incremento en la vigilancia se dio a\u00fan cuando no existen reportes de amenazas confirmadas. La Mayor seguridad fue evidente en la Alameda Central, conocida como el Mall, donde este d\u00eda fueron suspendidos los eventos del Festival de las Culturas del Instituto Smithsoniano, a fin de acomodar a los miles de espectadores para atender las festividades musicales y el espect\u00e1culo de fuegos artificiales con motivo del 4 de julio.<\/p>\n","protected":false},"excerpt":{"rendered":"<p>&nbsp; La serie de atentados terrorista que se han registrado en diferentes puntos del mundo se hicieron evidentes este lunes en la capital estadounidense con un mayor despliegue de fuerzas policiales con motivo de las celebraciones por el D\u00eda de la Independencia. &nbsp; El refuerzo de la seguridad fue evidente en las grandes urbes como &hellip; <\/p>\n<p><a class=\"more-link btn\" href=\"https:\/\/lamendigapolitica.com\/?p=38092\">Seguir leyendo<\/a><\/p>\n","protected":false},"author":1,"featured_media":0,"comment_status":"open","ping_status":"closed","sticky":false,"template":"","format":"standard","meta":{"footnotes":""},"categories":[20,31,3,27],"tags":[],"class_list":["post-38092","post","type-post","status-publish","format-standard","hentry","category-gobierno","category-internacional","category-politica","category-seguridad","item-wrap"],"_links":{"self":[{"href":"https:\/\/lamendigapolitica.com\/index.php?rest_route=\/wp\/v2\/posts\/38092","targetHints":{"allow":["GET"]}}],"collection":[{"href":"https:\/\/lamendigapolitica.com\/index.php?rest_route=\/wp\/v2\/posts"}],"about":[{"href":"https:\/\/lamendigapolitica.com\/index.php?rest_route=\/wp\/v2\/types\/post"}],"author":[{"embeddable":true,"href":"https:\/\/lamendigapolitica.com\/index.php?rest_route=\/wp\/v2\/users\/1"}],"replies":[{"embeddable":true,"href":"https:\/\/lamendigapolitica.com\/index.php?rest_route=%2Fwp%2Fv2%2Fcomments&post=38092"}],"version-history":[{"count":1,"href":"https:\/\/lamendigapolitica.com\/index.php?rest_route=\/wp\/v2\/posts\/38092\/revisions"}],"predecessor-version":[{"id":38094,"href":"https:\/\/lamendigapolitica.com\/index.php?rest_route=\/wp\/v2\/posts\/38092\/revisions\/38094"}],"wp:attachment":[{"href":"https:\/\/lamendigapolitica.com\/index.php?rest_route=%2Fwp%2Fv2%2Fmedia&parent=38092"}],"wp:term":[{"taxonomy":"category","embeddable":true,"href":"https:\/\/lamendigapolitica.com\/index.php?rest_route=%2Fwp%2Fv2%2Fcategories&post=38092"},{"taxonomy":"post_tag","embeddable":true,"href":"https:\/\/lamendigapolitica.com\/index.php?rest_route=%2Fwp%2Fv2%2Ftags&post=38092"}],"curies":[{"name":"wp","href":"https:\/\/api.w.org\/{rel}","templated":true}]}}