{"id":38089,"date":"2016-07-04T15:55:06","date_gmt":"2016-07-04T20:55:06","guid":{"rendered":"http:\/\/lamendigapolitica.com\/blog\/?p=38089"},"modified":"2016-07-04T15:55:06","modified_gmt":"2016-07-04T20:55:06","slug":"inauguran-cutonala","status":"publish","type":"post","link":"https:\/\/lamendigapolitica.com\/?p=38089","title":{"rendered":"Inauguran CUTonal\u00e1"},"content":{"rendered":"<p><a href=\"https:\/\/lamendigapolitica.com\/blog\/blog\/wp-content\/uploads\/2016\/07\/28052217166_5c7ba7b344_z.jpg\" rel=\"attachment wp-att-38090\"><img loading=\"lazy\" decoding=\"async\" class=\"aligncenter  wp-image-38090\" src=\"https:\/\/lamendigapolitica.com\/blog\/blog\/wp-content\/uploads\/2016\/07\/28052217166_5c7ba7b344_z.jpg\" alt=\"28052217166_5c7ba7b344_z\" width=\"333\" height=\"221\" srcset=\"https:\/\/lamendigapolitica.com\/wp-content\/uploads\/2016\/07\/28052217166_5c7ba7b344_z.jpg 640w, https:\/\/lamendigapolitica.com\/wp-content\/uploads\/2016\/07\/28052217166_5c7ba7b344_z-300x199.jpg 300w\" sizes=\"auto, (max-width: 333px) 100vw, 333px\" \/><\/a><\/p>\n<p>&nbsp;<\/p>\n<p>Durante la inauguraci\u00f3n oficial del Centro Universitario de Tonal\u00e1 (CUTonal\u00e1), el Gobernador del Estado, Arist\u00f3teles Sandoval, afirm\u00f3 que gracias a su oferta acad\u00e9mica y la pol\u00edtica innovadora de este plantel educativo, los j\u00f3venes que estudien en sus aulas ser\u00e1n una generaci\u00f3n de profesionistas formados bajo el m\u00e1s alto nivel acad\u00e9mico e innovador.<\/p>\n<p>&nbsp;<\/p>\n<p>Por su parte, el secretario de Educaci\u00f3n federal, prente en el evento Aurelio Nu\u00f1o Mayer reconoci\u00f3 la visi\u00f3n y empuje que ha dado el Gobernador Arist\u00f3teles Sandoval a la innovaci\u00f3n como palanca de desarrollo y competitividad ante un mundo de\u00a0 grandes desaf\u00edos, donde la naci\u00f3n que no se modernice y actualice a las demandas actuales, pierde la oportunidad de sobresalir.<\/p>\n<p>&nbsp;<\/p>\n<p>El titular de la SEP, hizo entrega simb\u00f3lica de Certificaciones del Sistema Nacional de Bachillerato a planteles educativos del estado, lo que significa que al d\u00eda de hoy 142 centros de estudios de Jalisco impulsan bajo esta certificaci\u00f3n una educaci\u00f3n de calidad, en beneficio de cientos de j\u00f3venes<\/p>\n<p>&nbsp;<\/p>\n<p>El titular del Ejecutivo estatal record\u00f3 que el compromiso del Gobierno del Estado se basa en la inversi\u00f3n y calidad en la educaci\u00f3n, as\u00ed como en las certificaciones y transformaciones que establece la Reforma Educativa. Asimismo, destac\u00f3 el apoyo presupuestal otorgado a la Universidad de Guadalajara, que alberga actualmente a seis de las 14 instituciones educativas con el nivel nacional m\u00e1s alto en materia de calidad.<\/p>\n<p>&nbsp;<\/p>\n<p>\u201cPor eso estamos orgullosos y hemos venido trabajando de la mano con nuestra comunidad; hist\u00f3ricamente ha recibido el mayor apoyo econ\u00f3mico despu\u00e9s de casi tres d\u00e9cadas, y esto ha sido gracias tambi\u00e9n al compromiso del Presidente de la Rep\u00fablica, Enrique Pe\u00f1a Nieto con la Universidad de Guadalajara, al compromiso que hemos hecho con nuestros estudiantes por parte del Gobierno del Estado, donde no hemos escatimado el m\u00e1s m\u00ednimo peso\u201d, precis\u00f3.<\/p>\n","protected":false},"excerpt":{"rendered":"<p>&nbsp; Durante la inauguraci\u00f3n oficial del Centro Universitario de Tonal\u00e1 (CUTonal\u00e1), el Gobernador del Estado, Arist\u00f3teles Sandoval, afirm\u00f3 que gracias a su oferta acad\u00e9mica y la pol\u00edtica innovadora de este plantel educativo, los j\u00f3venes que estudien en sus aulas ser\u00e1n una generaci\u00f3n de profesionistas formados bajo el m\u00e1s alto nivel acad\u00e9mico e innovador. &nbsp; Por &hellip; <\/p>\n<p><a class=\"more-link btn\" href=\"https:\/\/lamendigapolitica.com\/?p=38089\">Seguir leyendo<\/a><\/p>\n","protected":false},"author":1,"featured_media":0,"comment_status":"open","ping_status":"closed","sticky":false,"template":"","format":"standard","meta":{"footnotes":""},"categories":[6,28,20,5,3],"tags":[],"class_list":["post-38089","post","type-post","status-publish","format-standard","hentry","category-congreso","category-educacion","category-gobierno","category-partidos","category-politica","item-wrap"],"_links":{"self":[{"href":"https:\/\/lamendigapolitica.com\/index.php?rest_route=\/wp\/v2\/posts\/38089","targetHints":{"allow":["GET"]}}],"collection":[{"href":"https:\/\/lamendigapolitica.com\/index.php?rest_route=\/wp\/v2\/posts"}],"about":[{"href":"https:\/\/lamendigapolitica.com\/index.php?rest_route=\/wp\/v2\/types\/post"}],"author":[{"embeddable":true,"href":"https:\/\/lamendigapolitica.com\/index.php?rest_route=\/wp\/v2\/users\/1"}],"replies":[{"embeddable":true,"href":"https:\/\/lamendigapolitica.com\/index.php?rest_route=%2Fwp%2Fv2%2Fcomments&post=38089"}],"version-history":[{"count":1,"href":"https:\/\/lamendigapolitica.com\/index.php?rest_route=\/wp\/v2\/posts\/38089\/revisions"}],"predecessor-version":[{"id":38091,"href":"https:\/\/lamendigapolitica.com\/index.php?rest_route=\/wp\/v2\/posts\/38089\/revisions\/38091"}],"wp:attachment":[{"href":"https:\/\/lamendigapolitica.com\/index.php?rest_route=%2Fwp%2Fv2%2Fmedia&parent=38089"}],"wp:term":[{"taxonomy":"category","embeddable":true,"href":"https:\/\/lamendigapolitica.com\/index.php?rest_route=%2Fwp%2Fv2%2Fcategories&post=38089"},{"taxonomy":"post_tag","embeddable":true,"href":"https:\/\/lamendigapolitica.com\/index.php?rest_route=%2Fwp%2Fv2%2Ftags&post=38089"}],"curies":[{"name":"wp","href":"https:\/\/api.w.org\/{rel}","templated":true}]}}