{"id":38086,"date":"2016-07-04T15:53:04","date_gmt":"2016-07-04T20:53:04","guid":{"rendered":"http:\/\/lamendigapolitica.com\/blog\/?p=38086"},"modified":"2016-07-04T15:53:04","modified_gmt":"2016-07-04T20:53:04","slug":"aristoteles-rinde-guardia-de-honor-a-flavio-romero-de-velasco","status":"publish","type":"post","link":"https:\/\/lamendigapolitica.com\/?p=38086","title":{"rendered":"Arist\u00f3teles rinde guardia de honor a Flavio Romero de Velasco"},"content":{"rendered":"<p><a href=\"https:\/\/lamendigapolitica.com\/blog\/blog\/wp-content\/uploads\/2016\/07\/28004468031_9750d965e5_z.jpg\" rel=\"attachment wp-att-38087\"><img loading=\"lazy\" decoding=\"async\" class=\"aligncenter  wp-image-38087\" src=\"https:\/\/lamendigapolitica.com\/blog\/blog\/wp-content\/uploads\/2016\/07\/28004468031_9750d965e5_z.jpg\" alt=\"28004468031_9750d965e5_z\" width=\"352\" height=\"226\" srcset=\"https:\/\/lamendigapolitica.com\/wp-content\/uploads\/2016\/07\/28004468031_9750d965e5_z.jpg 640w, https:\/\/lamendigapolitica.com\/wp-content\/uploads\/2016\/07\/28004468031_9750d965e5_z-300x193.jpg 300w\" sizes=\"auto, (max-width: 352px) 100vw, 352px\" \/><\/a><\/p>\n<p>&nbsp;<\/p>\n<p>Al asistir al homenaje de cuerpo presente del Gobernador jalisciense Flavio Romero de Velasco, en el Ex Recinto Legislativo de Palacio de Gobierno,el ejecutivo estatal Arist\u00f3teles Sandoval, presidi\u00f3 las guardias de honor donde dijo hoy se retoma la direcci\u00f3n de orden que caracteriz\u00f3 la administraci\u00f3n del ex pol\u00edtico fallecido el pasado s\u00e1bado.<\/p>\n<p>&nbsp;<\/p>\n<p>\u201cEsa es la inclusi\u00f3n y no la exclusi\u00f3n lo que le da vida a la urbes, con esto en mente Romero de Velasco propuso el primer plan que pens\u00f3 a nuestra ciudad como una metr\u00f3poli moderna. Hoy inspirados por su visi\u00f3n retomamos este esp\u00edritu para conciliar la ciudad que queremos a futuro con las decisiones urbanas que necesitamos para tomar y as\u00ed poder tener un crecimiento m\u00e1s sustentable y ordenado lo cual se volc\u00f3 en planes como el ordenamiento territorial\u201d, indic\u00f3 Sandoval.<\/p>\n<p>&nbsp;<\/p>\n<p>Al acto se dieron cita ex gobernadores, familiares y funcionarios de los tres niveles de gobierno quienes rindieron homenaje a Romero de Velasco quien fungi\u00f3 como titular de la entidad durante el periodo 1977 y 1983.<\/p>\n","protected":false},"excerpt":{"rendered":"<p>&nbsp; Al asistir al homenaje de cuerpo presente del Gobernador jalisciense Flavio Romero de Velasco, en el Ex Recinto Legislativo de Palacio de Gobierno,el ejecutivo estatal Arist\u00f3teles Sandoval, presidi\u00f3 las guardias de honor donde dijo hoy se retoma la direcci\u00f3n de orden que caracteriz\u00f3 la administraci\u00f3n del ex pol\u00edtico fallecido el pasado s\u00e1bado. &nbsp; \u201cEsa &hellip; <\/p>\n<p><a class=\"more-link btn\" href=\"https:\/\/lamendigapolitica.com\/?p=38086\">Seguir leyendo<\/a><\/p>\n","protected":false},"author":1,"featured_media":0,"comment_status":"open","ping_status":"closed","sticky":false,"template":"","format":"standard","meta":{"footnotes":""},"categories":[6,20,5,3,22],"tags":[],"class_list":["post-38086","post","type-post","status-publish","format-standard","hentry","category-congreso","category-gobierno","category-partidos","category-politica","category-sociales","item-wrap"],"_links":{"self":[{"href":"https:\/\/lamendigapolitica.com\/index.php?rest_route=\/wp\/v2\/posts\/38086","targetHints":{"allow":["GET"]}}],"collection":[{"href":"https:\/\/lamendigapolitica.com\/index.php?rest_route=\/wp\/v2\/posts"}],"about":[{"href":"https:\/\/lamendigapolitica.com\/index.php?rest_route=\/wp\/v2\/types\/post"}],"author":[{"embeddable":true,"href":"https:\/\/lamendigapolitica.com\/index.php?rest_route=\/wp\/v2\/users\/1"}],"replies":[{"embeddable":true,"href":"https:\/\/lamendigapolitica.com\/index.php?rest_route=%2Fwp%2Fv2%2Fcomments&post=38086"}],"version-history":[{"count":1,"href":"https:\/\/lamendigapolitica.com\/index.php?rest_route=\/wp\/v2\/posts\/38086\/revisions"}],"predecessor-version":[{"id":38088,"href":"https:\/\/lamendigapolitica.com\/index.php?rest_route=\/wp\/v2\/posts\/38086\/revisions\/38088"}],"wp:attachment":[{"href":"https:\/\/lamendigapolitica.com\/index.php?rest_route=%2Fwp%2Fv2%2Fmedia&parent=38086"}],"wp:term":[{"taxonomy":"category","embeddable":true,"href":"https:\/\/lamendigapolitica.com\/index.php?rest_route=%2Fwp%2Fv2%2Fcategories&post=38086"},{"taxonomy":"post_tag","embeddable":true,"href":"https:\/\/lamendigapolitica.com\/index.php?rest_route=%2Fwp%2Fv2%2Ftags&post=38086"}],"curies":[{"name":"wp","href":"https:\/\/api.w.org\/{rel}","templated":true}]}}