{"id":38069,"date":"2016-07-04T09:53:03","date_gmt":"2016-07-04T14:53:03","guid":{"rendered":"http:\/\/lamendigapolitica.com\/blog\/?p=38069"},"modified":"2016-07-04T09:53:03","modified_gmt":"2016-07-04T14:53:03","slug":"cnte-chiapas-dispuesto-al-dialogo-o-la-lucha","status":"publish","type":"post","link":"https:\/\/lamendigapolitica.com\/?p=38069","title":{"rendered":"CNTE Chiapas dispuesto al di\u00e1logo o la lucha"},"content":{"rendered":"<p><a href=\"https:\/\/lamendigapolitica.com\/blog\/blog\/wp-content\/uploads\/2016\/07\/cnme.jpg\" rel=\"attachment wp-att-38070\"><img loading=\"lazy\" decoding=\"async\" class=\"aligncenter  wp-image-38070\" src=\"https:\/\/lamendigapolitica.com\/blog\/blog\/wp-content\/uploads\/2016\/07\/cnme.jpg\" alt=\"cnme\" width=\"386\" height=\"184\" srcset=\"https:\/\/lamendigapolitica.com\/wp-content\/uploads\/2016\/07\/cnme.jpg 325w, https:\/\/lamendigapolitica.com\/wp-content\/uploads\/2016\/07\/cnme-300x143.jpg 300w\" sizes=\"auto, (max-width: 386px) 100vw, 386px\" \/><\/a><\/p>\n<p>&nbsp;<\/p>\n<p>Si no existe posibilidad de solucionar el conflicto magisterial en oposici\u00f3n a la Reforma Educativa a trav\u00e9s del di\u00e1logo, los docentes se encuentran dispuestos asumir los costos que genere, incluso si se trata de defender su postura \u2018con m\u00e1s sangre\u2019, \u00a0asever\u00f3 Jos\u00e9 Luis Pavel Escobar, vocero de la secci\u00f3n VII de la CNTE en Chiapas, \u201cSi es por la v\u00eda del di\u00e1logo, adelante, si necesitan m\u00e1s sangre para entender que esta reforma educativa no pasar\u00e1, tambi\u00e9n. Estamos seguros de que nuestra lucha es noble y el costo lo asumiremos\u201d, dijo.<\/p>\n<p>&nbsp;<\/p>\n<p>Entrevistado por Jorge Berry para Grupo Imagen Multimedia, Pavel Escobar sostuvo que mantendr\u00e1n el paro generalizado en Chiapas, as\u00ed como dijo que la resistencia magisterial redoblar\u00e1 esfuerzos para sostener al movimiento disidente. \u201cEl anuncio de Segob para retirar los bloqueos lo tomamos con mucha preocupaci\u00f3n, pero sin el m\u00e1s m\u00ednimo temor, por qu\u00e9 preocupaci\u00f3n, porque el gobierno nos ha ense\u00f1ado que los conflictos de esta envergadura, suelen reprimirlos, y el discurso de esta ocasi\u00f3n es en ese sentido; este conflicto tiene dos salidas: por la v\u00eda inteligente, por la v\u00eda pol\u00edtica o por la v\u00eda como la que se actu\u00f3\u201d, a\u00f1adi\u00f3.<\/p>\n<p>&nbsp;<\/p>\n<p>Pese a que el conflicto magisterial ha sumado ya muertos y algunos l\u00edderes de la CNTE en prisi\u00f3n, la disidencia no se encuentra dispuesta a echar atr\u00e1s sus demandas entorno a la Reforma Educativa. \u201cTenemos presos, tenemos muertos, esta lucha se ha incrementado, la lucha es popular, no solamente es el gremio, han marchado muchos pueblos enteros, sin necesidad de que haya a cambio una prebenda, una torta, o algo m\u00e1s\u201d, manifest\u00f3 el vocero del magisterio disidente en Chiapas.<\/p>\n<p>&nbsp;<\/p>\n<p>Asimismo, explic\u00f3 que si en estados como Chiapas, Oaxaca, Guerrero, se ha afectado al transcurso habitual del calendario escolar, \u2018no es culpa de los maestros\u2019, sino del sistema social, ya que asegur\u00f3 que aquellas entidades, no s\u00f3lo imperan bajos niveles educativos, sino tambi\u00e9n de desarrollo econ\u00f3mico, alimenticio y de justicia.<\/p>\n","protected":false},"excerpt":{"rendered":"<p>&nbsp; Si no existe posibilidad de solucionar el conflicto magisterial en oposici\u00f3n a la Reforma Educativa a trav\u00e9s del di\u00e1logo, los docentes se encuentran dispuestos asumir los costos que genere, incluso si se trata de defender su postura \u2018con m\u00e1s sangre\u2019, \u00a0asever\u00f3 Jos\u00e9 Luis Pavel Escobar, vocero de la secci\u00f3n VII de la CNTE en &hellip; <\/p>\n<p><a class=\"more-link btn\" href=\"https:\/\/lamendigapolitica.com\/?p=38069\">Seguir leyendo<\/a><\/p>\n","protected":false},"author":1,"featured_media":0,"comment_status":"open","ping_status":"closed","sticky":false,"template":"","format":"standard","meta":{"footnotes":""},"categories":[6,28,20,5,3,27],"tags":[],"class_list":["post-38069","post","type-post","status-publish","format-standard","hentry","category-congreso","category-educacion","category-gobierno","category-partidos","category-politica","category-seguridad","item-wrap"],"_links":{"self":[{"href":"https:\/\/lamendigapolitica.com\/index.php?rest_route=\/wp\/v2\/posts\/38069","targetHints":{"allow":["GET"]}}],"collection":[{"href":"https:\/\/lamendigapolitica.com\/index.php?rest_route=\/wp\/v2\/posts"}],"about":[{"href":"https:\/\/lamendigapolitica.com\/index.php?rest_route=\/wp\/v2\/types\/post"}],"author":[{"embeddable":true,"href":"https:\/\/lamendigapolitica.com\/index.php?rest_route=\/wp\/v2\/users\/1"}],"replies":[{"embeddable":true,"href":"https:\/\/lamendigapolitica.com\/index.php?rest_route=%2Fwp%2Fv2%2Fcomments&post=38069"}],"version-history":[{"count":1,"href":"https:\/\/lamendigapolitica.com\/index.php?rest_route=\/wp\/v2\/posts\/38069\/revisions"}],"predecessor-version":[{"id":38071,"href":"https:\/\/lamendigapolitica.com\/index.php?rest_route=\/wp\/v2\/posts\/38069\/revisions\/38071"}],"wp:attachment":[{"href":"https:\/\/lamendigapolitica.com\/index.php?rest_route=%2Fwp%2Fv2%2Fmedia&parent=38069"}],"wp:term":[{"taxonomy":"category","embeddable":true,"href":"https:\/\/lamendigapolitica.com\/index.php?rest_route=%2Fwp%2Fv2%2Fcategories&post=38069"},{"taxonomy":"post_tag","embeddable":true,"href":"https:\/\/lamendigapolitica.com\/index.php?rest_route=%2Fwp%2Fv2%2Ftags&post=38069"}],"curies":[{"name":"wp","href":"https:\/\/api.w.org\/{rel}","templated":true}]}}