{"id":38054,"date":"2016-07-03T19:52:33","date_gmt":"2016-07-04T00:52:33","guid":{"rendered":"http:\/\/lamendigapolitica.com\/blog\/?p=38054"},"modified":"2016-07-03T19:52:33","modified_gmt":"2016-07-04T00:52:33","slug":"neonazis-eligen-a-miss-hitler-2016","status":"publish","type":"post","link":"https:\/\/lamendigapolitica.com\/?p=38054","title":{"rendered":"Neonazis eligen a Miss Hitler 2016"},"content":{"rendered":"<p><a href=\"https:\/\/lamendigapolitica.com\/blog\/blog\/wp-content\/uploads\/2016\/07\/Miss-Hitler-2016.jpg\" rel=\"attachment wp-att-38055\"><img loading=\"lazy\" decoding=\"async\" class=\"aligncenter  wp-image-38055\" src=\"https:\/\/lamendigapolitica.com\/blog\/blog\/wp-content\/uploads\/2016\/07\/Miss-Hitler-2016.jpg\" alt=\"Miss Hitler 2016\" width=\"363\" height=\"205\" \/><\/a><\/p>\n<p>&nbsp;<\/p>\n<p>Habla de una nueva generaci\u00f3n nacionalista y afirma que de poder matar a alguien ser\u00eda a la actual canciller alemana, Angela Merkel, la dejar\u00eda sin protecci\u00f3n en uno de sus campos y dejar\u00eda que las &#8216;mascotas&#8217; de sus refugiados hicieran el resto,\u00a0 se trata de &#8216;A-Bus-Full-Of-Retards&#8217; quien recientemente gan\u00f3 el t\u00edtulo de \u201cMiss Hitler 2016\u201d.<\/p>\n<p>&nbsp;<\/p>\n<p>En pleno siglo XXI, la discriminaci\u00f3n racial se sigue observando en diferentes partes del mundo, y para el movimiento juvenil neonazi sus creencias son inflexibles, el rol de la mujer es importante, porque la pr\u00f3xima generaci\u00f3n nacionalista depender\u00e1 de ellas, \u201cestar\u00e1 mucho m\u00e1s preparada para el futuro que muchas personas de hoy en d\u00eda\u201d, sostiene. El grupo supremacista blanco explica que el concurso fue creado para dar a conocer a sus seguidores y darles la oportunidad de expresar sus creencias y compartir sus motivaciones.<\/p>\n<p>&nbsp;<\/p>\n<p>M\u00e1s de 15 millones de jud\u00edos fueron exterminados en los campos de concentraci\u00f3n bajo las \u00f3rdenes Adolf Hitler (1889-1945). Hechos que seguramente no escapan para la humanidad y mucho menos para la activista escocesa conocida como &#8216;A-Bus-Full-Of-Retards&#8217;, quien dijo que de inicio no cre\u00eda que los jud\u00edos eran el enemigo, sin embargo con el tiempo la propaganda jud\u00eda lleg\u00f3 a ser demasiado obvia para ignorarla, raz\u00f3n por la que se involucr\u00f3 en el movimiento, sostiene.<\/p>\n<p>&nbsp;<\/p>\n<p>Dice que ha perdido amigos en los \u00faltimos a\u00f1os debido a que ten\u00edan \u00abpuntos de vista antifascistas\u00bb, pero ahora tiene al compa\u00f1ero de su vida, que es su mejor amigo, sin el que -confiesa- \u00abser\u00eda una nazi que estar\u00eda muy sola\u00bb.<\/p>\n<p>&nbsp;<\/p>\n<p>El concurso que fue organizado por el movimiento juvenil neonazi brit\u00e1nico, National Action, destac\u00f3 la agencia RT.<\/p>\n","protected":false},"excerpt":{"rendered":"<p>&nbsp; Habla de una nueva generaci\u00f3n nacionalista y afirma que de poder matar a alguien ser\u00eda a la actual canciller alemana, Angela Merkel, la dejar\u00eda sin protecci\u00f3n en uno de sus campos y dejar\u00eda que las &#8216;mascotas&#8217; de sus refugiados hicieran el resto,\u00a0 se trata de &#8216;A-Bus-Full-Of-Retards&#8217; quien recientemente gan\u00f3 el t\u00edtulo de \u201cMiss Hitler &hellip; <\/p>\n<p><a class=\"more-link btn\" href=\"https:\/\/lamendigapolitica.com\/?p=38054\">Seguir leyendo<\/a><\/p>\n","protected":false},"author":1,"featured_media":0,"comment_status":"open","ping_status":"closed","sticky":false,"template":"","format":"standard","meta":{"footnotes":""},"categories":[6,30,28,20,5,3,27,22],"tags":[],"class_list":["post-38054","post","type-post","status-publish","format-standard","hentry","category-congreso","category-economia","category-educacion","category-gobierno","category-partidos","category-politica","category-seguridad","category-sociales","item-wrap"],"_links":{"self":[{"href":"https:\/\/lamendigapolitica.com\/index.php?rest_route=\/wp\/v2\/posts\/38054","targetHints":{"allow":["GET"]}}],"collection":[{"href":"https:\/\/lamendigapolitica.com\/index.php?rest_route=\/wp\/v2\/posts"}],"about":[{"href":"https:\/\/lamendigapolitica.com\/index.php?rest_route=\/wp\/v2\/types\/post"}],"author":[{"embeddable":true,"href":"https:\/\/lamendigapolitica.com\/index.php?rest_route=\/wp\/v2\/users\/1"}],"replies":[{"embeddable":true,"href":"https:\/\/lamendigapolitica.com\/index.php?rest_route=%2Fwp%2Fv2%2Fcomments&post=38054"}],"version-history":[{"count":1,"href":"https:\/\/lamendigapolitica.com\/index.php?rest_route=\/wp\/v2\/posts\/38054\/revisions"}],"predecessor-version":[{"id":38056,"href":"https:\/\/lamendigapolitica.com\/index.php?rest_route=\/wp\/v2\/posts\/38054\/revisions\/38056"}],"wp:attachment":[{"href":"https:\/\/lamendigapolitica.com\/index.php?rest_route=%2Fwp%2Fv2%2Fmedia&parent=38054"}],"wp:term":[{"taxonomy":"category","embeddable":true,"href":"https:\/\/lamendigapolitica.com\/index.php?rest_route=%2Fwp%2Fv2%2Fcategories&post=38054"},{"taxonomy":"post_tag","embeddable":true,"href":"https:\/\/lamendigapolitica.com\/index.php?rest_route=%2Fwp%2Fv2%2Ftags&post=38054"}],"curies":[{"name":"wp","href":"https:\/\/api.w.org\/{rel}","templated":true}]}}