{"id":38045,"date":"2016-07-03T11:15:30","date_gmt":"2016-07-03T16:15:30","guid":{"rendered":"http:\/\/lamendigapolitica.com\/blog\/?p=38045"},"modified":"2016-07-03T11:15:30","modified_gmt":"2016-07-03T16:15:30","slug":"ministro-israeli-acusa-a-facebook-de-violencia","status":"publish","type":"post","link":"https:\/\/lamendigapolitica.com\/?p=38045","title":{"rendered":"Ministro israel\u00ed acusa a Facebook de violencia"},"content":{"rendered":"<p><a href=\"https:\/\/lamendigapolitica.com\/blog\/blog\/wp-content\/uploads\/2016\/07\/ministro.jpg\" rel=\"attachment wp-att-38046\"><img loading=\"lazy\" decoding=\"async\" class=\"aligncenter size-full wp-image-38046\" src=\"https:\/\/lamendigapolitica.com\/blog\/blog\/wp-content\/uploads\/2016\/07\/ministro.jpg\" alt=\"ministro\" width=\"300\" height=\"168\" \/><\/a><\/p>\n<p>&nbsp;<\/p>\n<p>El Ministro israel\u00ed de Seguridad P\u00fablica, Gilad Erdan, responsabiliz\u00f3 a redes sociales como Facebook del aumento de la violencia en la zona, al considerar que es una plataforma de incitaci\u00f3n contra Israel, dijo que la red social se ha convertido en un \u201cmonstruo\u201d desde el ascenso del Estado Isl\u00e1mico (EI) y el fortalecimiento del terrorismo, recogieron hoy medios locales.<\/p>\n<p>&nbsp;<\/p>\n<p>Adem\u00e1s, acus\u00f3 a su fundador, Mark Zuckerberg, de tener en sus manos parte de la sangre de las v\u00edctimas israel\u00edes muertas durante este per\u00edodo. El diario Yediot Aharonot tambi\u00e9n recogi\u00f3 hoy parte del plan propuesto por el ministro de Educaci\u00f3n, Naftal\u00ed Bennet, para frenar los ataques, y que incluir\u00eda, entre otras medidas, el bloqueo de internet o la tecnolog\u00eda 3G en el distrito palestino de Hebr\u00f3n para frenar lo que calific\u00f3 de \u201cterrorismo virtual\u201d.<\/p>\n<p>&nbsp;<\/p>\n<p>En respuesta, Facebook difundi\u00f3 hoy un mensaje en hebreo del que se hizo eco el diario Times of Israel en la que rechazan las acusaciones. \u201cNo hay espacio en nuestra plataforma para contenido que anima a la violencia, amenazas directas, terror o abuso verbal. Tenemos una serie de directrices claras destinadas a ayudar a la gente a entender qu\u00e9 est\u00e1 permitido en Facebook\u201d, se indica en el comunicado.<\/p>\n<p>&nbsp;<\/p>\n<p>\u201cY llamamos a la gente a hacer uso de nuestras herramientas informativas si se encuentran con contenido que creen que viola estas directrices, as\u00ed podemos evaluar cada incidente y actuar r\u00e1pidamente\u201d, concluye. Las autoridades israel\u00edes han reiterado en numerosas ocasiones su rechazo a la incitaci\u00f3n contra Israel que, aseguran, se practica en las redes sociales y que ha causado detenciones por \u201cexpresar su apoyo e incitar actividades terroristas\u201d.<\/p>\n","protected":false},"excerpt":{"rendered":"<p>&nbsp; El Ministro israel\u00ed de Seguridad P\u00fablica, Gilad Erdan, responsabiliz\u00f3 a redes sociales como Facebook del aumento de la violencia en la zona, al considerar que es una plataforma de incitaci\u00f3n contra Israel, dijo que la red social se ha convertido en un \u201cmonstruo\u201d desde el ascenso del Estado Isl\u00e1mico (EI) y el fortalecimiento del &hellip; <\/p>\n<p><a class=\"more-link btn\" href=\"https:\/\/lamendigapolitica.com\/?p=38045\">Seguir leyendo<\/a><\/p>\n","protected":false},"author":1,"featured_media":0,"comment_status":"open","ping_status":"closed","sticky":false,"template":"","format":"standard","meta":{"footnotes":""},"categories":[6,20,5,3,27,22],"tags":[],"class_list":["post-38045","post","type-post","status-publish","format-standard","hentry","category-congreso","category-gobierno","category-partidos","category-politica","category-seguridad","category-sociales","item-wrap"],"_links":{"self":[{"href":"https:\/\/lamendigapolitica.com\/index.php?rest_route=\/wp\/v2\/posts\/38045","targetHints":{"allow":["GET"]}}],"collection":[{"href":"https:\/\/lamendigapolitica.com\/index.php?rest_route=\/wp\/v2\/posts"}],"about":[{"href":"https:\/\/lamendigapolitica.com\/index.php?rest_route=\/wp\/v2\/types\/post"}],"author":[{"embeddable":true,"href":"https:\/\/lamendigapolitica.com\/index.php?rest_route=\/wp\/v2\/users\/1"}],"replies":[{"embeddable":true,"href":"https:\/\/lamendigapolitica.com\/index.php?rest_route=%2Fwp%2Fv2%2Fcomments&post=38045"}],"version-history":[{"count":1,"href":"https:\/\/lamendigapolitica.com\/index.php?rest_route=\/wp\/v2\/posts\/38045\/revisions"}],"predecessor-version":[{"id":38047,"href":"https:\/\/lamendigapolitica.com\/index.php?rest_route=\/wp\/v2\/posts\/38045\/revisions\/38047"}],"wp:attachment":[{"href":"https:\/\/lamendigapolitica.com\/index.php?rest_route=%2Fwp%2Fv2%2Fmedia&parent=38045"}],"wp:term":[{"taxonomy":"category","embeddable":true,"href":"https:\/\/lamendigapolitica.com\/index.php?rest_route=%2Fwp%2Fv2%2Fcategories&post=38045"},{"taxonomy":"post_tag","embeddable":true,"href":"https:\/\/lamendigapolitica.com\/index.php?rest_route=%2Fwp%2Fv2%2Ftags&post=38045"}],"curies":[{"name":"wp","href":"https:\/\/api.w.org\/{rel}","templated":true}]}}