{"id":38032,"date":"2016-07-03T10:13:05","date_gmt":"2016-07-03T15:13:05","guid":{"rendered":"http:\/\/lamendigapolitica.com\/blog\/?p=38032"},"modified":"2016-07-03T10:13:05","modified_gmt":"2016-07-03T15:13:05","slug":"dolor-de-cabeza-enfermedad-discapacitante-del-75-de-la-poblacion","status":"publish","type":"post","link":"https:\/\/lamendigapolitica.com\/?p=38032","title":{"rendered":"Dolor de cabeza, enfermedad discapacitante del  75% de la poblaci\u00f3n"},"content":{"rendered":"<p><a href=\"https:\/\/lamendigapolitica.com\/blog\/blog\/wp-content\/uploads\/2016\/07\/dolor-de-cabeza.jpg\" rel=\"attachment wp-att-38033\"><img loading=\"lazy\" decoding=\"async\" class=\"aligncenter size-full wp-image-38033\" src=\"https:\/\/lamendigapolitica.com\/blog\/blog\/wp-content\/uploads\/2016\/07\/dolor-de-cabeza.jpg\" alt=\"dolor de cabeza\" width=\"317\" height=\"159\" srcset=\"https:\/\/lamendigapolitica.com\/wp-content\/uploads\/2016\/07\/dolor-de-cabeza.jpg 317w, https:\/\/lamendigapolitica.com\/wp-content\/uploads\/2016\/07\/dolor-de-cabeza-300x150.jpg 300w\" sizes=\"auto, (max-width: 317px) 100vw, 317px\" \/><\/a><\/p>\n<p>&nbsp;<\/p>\n<p>Los dolores de cabeza, migra\u00f1as, jaquecas o cefaleas son los trastornos del sistema nervioso m\u00e1s comunes, dolorosos e incapacitantes, y afectan a 75% de la poblaci\u00f3n mundial adulta, inform\u00f3 la doctora Mar\u00eda Jos\u00e9 Ayerdis Zamora, especialista de la Secretar\u00eda de Salud. Dijo que aproximadamente el 50% de poblaci\u00f3n afectada recurre a la automedicaci\u00f3n, el 38% ha sido valorada por alg\u00fan m\u00e9dico y el 10% recibe tratamiento por alg\u00fan especialista en neurolog\u00eda.<\/p>\n<p>&nbsp;<\/p>\n<p>Al participar en el curso sobre Estudio Cl\u00ednico, Diagn\u00f3stico y Terap\u00e9utico de las Cefaleas, que se llev\u00f3 a cabo en el auditorio \u201cDoctor Manuel Velasco Su\u00e1rez\u201d del Hospital Ju\u00e1rez de M\u00e9xico, expuso que casi la mitad de adultos han sufrido por lo menos un dolor de cabeza en el \u00faltimo a\u00f1o. Hizo notar que a pesar de los tratamientos para este problema de salud, se ubica entre las 20 enfermedades m\u00e1s discapacitantes a nivel mundial, y por su recurrencia, impactan en la calidad de vida de los pacientes.<\/p>\n<p>&nbsp;<\/p>\n<p>Las cefaleas se asocian a problemas personales y sociales. Tambi\u00e9n pueden ser causadas por muchos trastornos como el consumo excesivo de analg\u00e9sicos. Ayerdis Zamora recalc\u00f3 que entre 50 y 75 por ciento de personas de 18 a 65 a\u00f1os de edad ha sufrido alguna cefalea; de este segmento, el 30 por ciento o m\u00e1s ha padecido migra\u00f1a y alrededor del 4 por ciento tiene cefalea cr\u00f3nica.<\/p>\n<p>&nbsp;<\/p>\n<p>Las cefaleas son dos veces m\u00e1s frecuentes en mujeres que en hombres debido a influencias hormonales. El malestar puede durar algunas horas o d\u00edas, y el s\u00edntoma caracter\u00edstico son las n\u00e1useas que provocan en el paciente. Por ello exhort\u00f3 a la poblaci\u00f3n que lo padezca a que acudan a su Centro de Salud m\u00e1s cercano y soliciten atenci\u00f3n m\u00e9dica, ya que pudieran ser s\u00edntoma de alguna patolog\u00eda mayor que pudiera comprometer incluso la salud del paciente.<\/p>\n","protected":false},"excerpt":{"rendered":"<p>&nbsp; Los dolores de cabeza, migra\u00f1as, jaquecas o cefaleas son los trastornos del sistema nervioso m\u00e1s comunes, dolorosos e incapacitantes, y afectan a 75% de la poblaci\u00f3n mundial adulta, inform\u00f3 la doctora Mar\u00eda Jos\u00e9 Ayerdis Zamora, especialista de la Secretar\u00eda de Salud. Dijo que aproximadamente el 50% de poblaci\u00f3n afectada recurre a la automedicaci\u00f3n, el &hellip; <\/p>\n<p><a class=\"more-link btn\" href=\"https:\/\/lamendigapolitica.com\/?p=38032\">Seguir leyendo<\/a><\/p>\n","protected":false},"author":1,"featured_media":0,"comment_status":"open","ping_status":"closed","sticky":false,"template":"","format":"standard","meta":{"footnotes":""},"categories":[6,20,29,22],"tags":[],"class_list":["post-38032","post","type-post","status-publish","format-standard","hentry","category-congreso","category-gobierno","category-salud","category-sociales","item-wrap"],"_links":{"self":[{"href":"https:\/\/lamendigapolitica.com\/index.php?rest_route=\/wp\/v2\/posts\/38032","targetHints":{"allow":["GET"]}}],"collection":[{"href":"https:\/\/lamendigapolitica.com\/index.php?rest_route=\/wp\/v2\/posts"}],"about":[{"href":"https:\/\/lamendigapolitica.com\/index.php?rest_route=\/wp\/v2\/types\/post"}],"author":[{"embeddable":true,"href":"https:\/\/lamendigapolitica.com\/index.php?rest_route=\/wp\/v2\/users\/1"}],"replies":[{"embeddable":true,"href":"https:\/\/lamendigapolitica.com\/index.php?rest_route=%2Fwp%2Fv2%2Fcomments&post=38032"}],"version-history":[{"count":1,"href":"https:\/\/lamendigapolitica.com\/index.php?rest_route=\/wp\/v2\/posts\/38032\/revisions"}],"predecessor-version":[{"id":38034,"href":"https:\/\/lamendigapolitica.com\/index.php?rest_route=\/wp\/v2\/posts\/38032\/revisions\/38034"}],"wp:attachment":[{"href":"https:\/\/lamendigapolitica.com\/index.php?rest_route=%2Fwp%2Fv2%2Fmedia&parent=38032"}],"wp:term":[{"taxonomy":"category","embeddable":true,"href":"https:\/\/lamendigapolitica.com\/index.php?rest_route=%2Fwp%2Fv2%2Fcategories&post=38032"},{"taxonomy":"post_tag","embeddable":true,"href":"https:\/\/lamendigapolitica.com\/index.php?rest_route=%2Fwp%2Fv2%2Ftags&post=38032"}],"curies":[{"name":"wp","href":"https:\/\/api.w.org\/{rel}","templated":true}]}}