{"id":38029,"date":"2016-07-03T09:33:31","date_gmt":"2016-07-03T14:33:31","guid":{"rendered":"http:\/\/lamendigapolitica.com\/blog\/?p=38029"},"modified":"2016-07-03T09:33:31","modified_gmt":"2016-07-03T14:33:31","slug":"en-mexico14-mil-mujeres-son-victimas-de-violacion-al-ano","status":"publish","type":"post","link":"https:\/\/lamendigapolitica.com\/?p=38029","title":{"rendered":"En M\u00e9xico14 mil mujeres son v\u00edctimas de violaci\u00f3n al a\u00f1o"},"content":{"rendered":"<p><a href=\"https:\/\/lamendigapolitica.com\/blog\/blog\/wp-content\/uploads\/2016\/07\/violencia.jpg\" rel=\"attachment wp-att-38030\"><img loading=\"lazy\" decoding=\"async\" class=\"aligncenter size-full wp-image-38030\" src=\"https:\/\/lamendigapolitica.com\/blog\/blog\/wp-content\/uploads\/2016\/07\/violencia.jpg\" alt=\"violencia\" width=\"294\" height=\"171\" \/><\/a><\/p>\n<p>&nbsp;<\/p>\n<p>La diputada federal Maricela Contreras Juli\u00e1n plante\u00f3 la necesidad de aplicar pol\u00edticas contra el acoso callejero basadas en el respeto de los derechos humanos, que incluyan una campa\u00f1a para prevenirlo y transformen la relaci\u00f3n hombre-mujer. Lament\u00f3 que en el pa\u00eds se sigue culpando a ellas por el acoso que sufren, pues \u201cen el imaginario colectivo se ha enquistado la idea de que son violadas o acosadas por la manera en que visten y por andar solas en la calle y a altas horas de la noche\u201d.<\/p>\n<p>&nbsp;<\/p>\n<p>La presidenta de la Comisi\u00f3n Especial de Delitos cometidos por Razones de G\u00e9nero de la C\u00e1mara de Diputados expuso que cada a\u00f1o en M\u00e9xico m\u00e1s de 14 mil mujeres son v\u00edctimas de violaci\u00f3n y que esas agresiones sexuales son m\u00e1s evidentes en el transporte p\u00fablico. Seg\u00fan cifras del Instituto Nacional de Estad\u00edstica y Geograf\u00eda (Inegi), 72% de las mujeres que viven en la Ciudad de M\u00e9xico asegura haber padecido alg\u00fan tipo de violencia sexual.<\/p>\n<p>&nbsp;<\/p>\n<p>Ese tipo de agresi\u00f3n es m\u00e1s que la media nacional y supera a los estados m\u00e1s violentos como Guerrero o Chihuahua, mientras que para las j\u00f3venes es peor porque la cifra de abusos aumenta hasta 78 de cada 100 de entre 20 y 29 a\u00f1os. En un punto de acuerdo que present\u00f3 ante la Comisi\u00f3n Permanente, Contreras Juli\u00e1n mencion\u00f3 que de acuerdo con el Observatorio Ciudadano Nacional del Feminicidio (OCNF), en este pa\u00eds las mujeres v\u00edctimas de violaci\u00f3n sexual suman m\u00e1s de 14 mil al a\u00f1o.<\/p>\n<p>&nbsp;<\/p>\n<p>De ellas m\u00e1s de la mitad, ni\u00f1as y adolescentes viven sin acceso a la justicia y sin atenci\u00f3n espec\u00edfica a la salud para evitar embarazos no deseados e infecciones de transmisi\u00f3n sexual. La diputada perredista se\u00f1al\u00f3 que adem\u00e1s de la falta de atenci\u00f3n integral a las v\u00edctimas, muchas de ellas no denuncian por miedo o verg\u00fcenza y por la discriminaci\u00f3n y maltrato que enfrentan en las agencias del Ministerio P\u00fablico.<\/p>\n","protected":false},"excerpt":{"rendered":"<p>&nbsp; La diputada federal Maricela Contreras Juli\u00e1n plante\u00f3 la necesidad de aplicar pol\u00edticas contra el acoso callejero basadas en el respeto de los derechos humanos, que incluyan una campa\u00f1a para prevenirlo y transformen la relaci\u00f3n hombre-mujer. Lament\u00f3 que en el pa\u00eds se sigue culpando a ellas por el acoso que sufren, pues \u201cen el imaginario &hellip; <\/p>\n<p><a class=\"more-link btn\" href=\"https:\/\/lamendigapolitica.com\/?p=38029\">Seguir leyendo<\/a><\/p>\n","protected":false},"author":1,"featured_media":0,"comment_status":"open","ping_status":"closed","sticky":false,"template":"","format":"standard","meta":{"footnotes":""},"categories":[6,20,5,3,29,27],"tags":[],"class_list":["post-38029","post","type-post","status-publish","format-standard","hentry","category-congreso","category-gobierno","category-partidos","category-politica","category-salud","category-seguridad","item-wrap"],"_links":{"self":[{"href":"https:\/\/lamendigapolitica.com\/index.php?rest_route=\/wp\/v2\/posts\/38029","targetHints":{"allow":["GET"]}}],"collection":[{"href":"https:\/\/lamendigapolitica.com\/index.php?rest_route=\/wp\/v2\/posts"}],"about":[{"href":"https:\/\/lamendigapolitica.com\/index.php?rest_route=\/wp\/v2\/types\/post"}],"author":[{"embeddable":true,"href":"https:\/\/lamendigapolitica.com\/index.php?rest_route=\/wp\/v2\/users\/1"}],"replies":[{"embeddable":true,"href":"https:\/\/lamendigapolitica.com\/index.php?rest_route=%2Fwp%2Fv2%2Fcomments&post=38029"}],"version-history":[{"count":1,"href":"https:\/\/lamendigapolitica.com\/index.php?rest_route=\/wp\/v2\/posts\/38029\/revisions"}],"predecessor-version":[{"id":38031,"href":"https:\/\/lamendigapolitica.com\/index.php?rest_route=\/wp\/v2\/posts\/38029\/revisions\/38031"}],"wp:attachment":[{"href":"https:\/\/lamendigapolitica.com\/index.php?rest_route=%2Fwp%2Fv2%2Fmedia&parent=38029"}],"wp:term":[{"taxonomy":"category","embeddable":true,"href":"https:\/\/lamendigapolitica.com\/index.php?rest_route=%2Fwp%2Fv2%2Fcategories&post=38029"},{"taxonomy":"post_tag","embeddable":true,"href":"https:\/\/lamendigapolitica.com\/index.php?rest_route=%2Fwp%2Fv2%2Ftags&post=38029"}],"curies":[{"name":"wp","href":"https:\/\/api.w.org\/{rel}","templated":true}]}}