{"id":38017,"date":"2016-07-02T15:52:11","date_gmt":"2016-07-02T20:52:11","guid":{"rendered":"http:\/\/lamendigapolitica.com\/blog\/?p=38017"},"modified":"2016-07-02T15:52:11","modified_gmt":"2016-07-02T20:52:11","slug":"prd-suspende-eleccion-de-dirigente-nacional","status":"publish","type":"post","link":"https:\/\/lamendigapolitica.com\/?p=38017","title":{"rendered":"PRD suspende elecci\u00f3n de dirigente nacional"},"content":{"rendered":"<p><a href=\"https:\/\/lamendigapolitica.com\/blog\/blog\/wp-content\/uploads\/2016\/07\/prd.jpg\" rel=\"attachment wp-att-38018\"><img loading=\"lazy\" decoding=\"async\" class=\"aligncenter size-full wp-image-38018\" src=\"https:\/\/lamendigapolitica.com\/blog\/blog\/wp-content\/uploads\/2016\/07\/prd.jpg\" alt=\"prd\" width=\"311\" height=\"162\" srcset=\"https:\/\/lamendigapolitica.com\/wp-content\/uploads\/2016\/07\/prd.jpg 311w, https:\/\/lamendigapolitica.com\/wp-content\/uploads\/2016\/07\/prd-300x156.jpg 300w\" sizes=\"auto, (max-width: 311px) 100vw, 311px\" \/><\/a><\/p>\n<p>&nbsp;<\/p>\n<p>El Partido de la Revoluci\u00f3n Democr\u00e1tica (PRD) decidi\u00f3 suspender la elecci\u00f3n de su dirigente nacional que se ten\u00eda previsto para este s\u00e1bado por la falta de acuerdos entre sus diversas expresiones internas. En su s\u00e9ptima sesi\u00f3n extraordinaria del IX Consejo Nacional, los consejeros pol\u00edticos acordaron declarar un receso de hasta 15 d\u00edas, el 16 de julio pr\u00f3ximo, para definir la nueva figura que habr\u00e1 de ocupar la dirigencia nacional de esta fuerza pol\u00edtica.<\/p>\n<p>&nbsp;<\/p>\n<p>Ren\u00e9 Bejarano, explic\u00f3 que en las dos semanas de receso se buscar\u00e1 formar un acuerdo integral que incluir\u00e1 el nombramiento del nuevo o nueva presidenta, la reestructuraci\u00f3n de la direcci\u00f3n nacional y acuerdos de l\u00ednea pol\u00edtica y electoral. \u201cSe necesita un poco de tiempo para armar un acuerdo que evite mayores divisiones y eso fu\u00e9 lo que se acord\u00f3\u201d.<\/p>\n<p>&nbsp;<\/p>\n<p>Una vez que fue admitida la renuncia de Agust\u00edn Basave Ben\u00edtez, se formaliz\u00f3 el llamado a un receso no sin antes se\u00f1alar que Beatriz Mojica, actual secretaria general del Sol Azteca estar\u00e1 a la cabeza de este instituto pol\u00edtico al menos hasta el 16 de julio d\u00eda en que se reanudar\u00e1 la sesi\u00f3n de \u00e9ste \u00f3rgano. Al respecto, la hasta entonces secretaria general del partido, Beatriz Mojica calific\u00f3 de acertada est\u00e1 determinaci\u00f3n, al se\u00f1alar que una decisi\u00f3n tan trascendental para el partido requiere de m\u00e1s tiempo.<\/p>\n","protected":false},"excerpt":{"rendered":"<p>&nbsp; El Partido de la Revoluci\u00f3n Democr\u00e1tica (PRD) decidi\u00f3 suspender la elecci\u00f3n de su dirigente nacional que se ten\u00eda previsto para este s\u00e1bado por la falta de acuerdos entre sus diversas expresiones internas. En su s\u00e9ptima sesi\u00f3n extraordinaria del IX Consejo Nacional, los consejeros pol\u00edticos acordaron declarar un receso de hasta 15 d\u00edas, el 16 &hellip; <\/p>\n<p><a class=\"more-link btn\" href=\"https:\/\/lamendigapolitica.com\/?p=38017\">Seguir leyendo<\/a><\/p>\n","protected":false},"author":1,"featured_media":0,"comment_status":"open","ping_status":"closed","sticky":false,"template":"","format":"standard","meta":{"footnotes":""},"categories":[6,20,5,3],"tags":[],"class_list":["post-38017","post","type-post","status-publish","format-standard","hentry","category-congreso","category-gobierno","category-partidos","category-politica","item-wrap"],"_links":{"self":[{"href":"https:\/\/lamendigapolitica.com\/index.php?rest_route=\/wp\/v2\/posts\/38017","targetHints":{"allow":["GET"]}}],"collection":[{"href":"https:\/\/lamendigapolitica.com\/index.php?rest_route=\/wp\/v2\/posts"}],"about":[{"href":"https:\/\/lamendigapolitica.com\/index.php?rest_route=\/wp\/v2\/types\/post"}],"author":[{"embeddable":true,"href":"https:\/\/lamendigapolitica.com\/index.php?rest_route=\/wp\/v2\/users\/1"}],"replies":[{"embeddable":true,"href":"https:\/\/lamendigapolitica.com\/index.php?rest_route=%2Fwp%2Fv2%2Fcomments&post=38017"}],"version-history":[{"count":1,"href":"https:\/\/lamendigapolitica.com\/index.php?rest_route=\/wp\/v2\/posts\/38017\/revisions"}],"predecessor-version":[{"id":38019,"href":"https:\/\/lamendigapolitica.com\/index.php?rest_route=\/wp\/v2\/posts\/38017\/revisions\/38019"}],"wp:attachment":[{"href":"https:\/\/lamendigapolitica.com\/index.php?rest_route=%2Fwp%2Fv2%2Fmedia&parent=38017"}],"wp:term":[{"taxonomy":"category","embeddable":true,"href":"https:\/\/lamendigapolitica.com\/index.php?rest_route=%2Fwp%2Fv2%2Fcategories&post=38017"},{"taxonomy":"post_tag","embeddable":true,"href":"https:\/\/lamendigapolitica.com\/index.php?rest_route=%2Fwp%2Fv2%2Ftags&post=38017"}],"curies":[{"name":"wp","href":"https:\/\/api.w.org\/{rel}","templated":true}]}}