{"id":38014,"date":"2016-07-02T11:13:21","date_gmt":"2016-07-02T16:13:21","guid":{"rendered":"http:\/\/lamendigapolitica.com\/blog\/?p=38014"},"modified":"2016-07-02T11:13:21","modified_gmt":"2016-07-02T16:13:21","slug":"vive-gatito-2016-para-ayudar-a-mininos-desprotegidos","status":"publish","type":"post","link":"https:\/\/lamendigapolitica.com\/?p=38014","title":{"rendered":"Vive Gatito 2016 para ayudar a mininos desprotegidos"},"content":{"rendered":"<p><a href=\"https:\/\/lamendigapolitica.com\/blog\/blog\/wp-content\/uploads\/2016\/07\/vive-gatito.jpg\" rel=\"attachment wp-att-38015\"><img loading=\"lazy\" decoding=\"async\" class=\"aligncenter  wp-image-38015\" src=\"https:\/\/lamendigapolitica.com\/blog\/blog\/wp-content\/uploads\/2016\/07\/vive-gatito.jpg\" alt=\"vive  gatito\" width=\"359\" height=\"208\" \/><\/a><\/p>\n<p>&nbsp;<\/p>\n<p>Por quinto a\u00f1o consecutivo, la Ciudad de M\u00e9xico se llenar\u00e1 de orejas y bigotes con la presencia del \u00fanico evento en Latinoam\u00e9rica dedicado totalmente a los mininos y a quienes aman consentirlos: Expo Vive Gatito 2016 llega ya a la capital. El evento busca recaudar alimento, arena, camas, transportadoras y todo lo necesario para brindar una vida digna a los mininos, por ello, no se cobrar\u00e1 la entrada con dinero, sino con donaciones en especie.<\/p>\n<p>&nbsp;<\/p>\n<p>\u201cBuscamos ayudar a los gatos rescatados de la calle por distintos refugios\u201d, Marcela Esparza, a quien se debe la idea del Vive Gatito. Adem\u00e1s, 30 refugios de la capital, el Estado de M\u00e9xico y Puebla asistir\u00e1n para promover la adopci\u00f3n de sus mininos y pondr\u00e1n a la venta productos que los ayudan a solventar los gastos que genera cada uno de los rescates y especialistas en materia impartir\u00e1n conferencias sobre alimentaci\u00f3n, higiene, cuidados, y otros temas para lograr que los gatos tengan una mejor calidad de vida.<\/p>\n<p>&nbsp;<\/p>\n<p>\u201cContaremos con un \u00e1rea de stands informativos con veterinarios especializados, habr\u00e1 conferencias impartidas por expertos y especialistas en temas de salud, atenci\u00f3n, cuidado y comportamiento felino; un \u00e1rea interactiva y exclusiva para ni\u00f1os; galer\u00eda de arte y fotograf\u00eda, m\u00fasica, teatro, danza y baile, que le pondr\u00e1 el toque de diversi\u00f3n con causa al evento en un ambiente 100 por ciento familiar\u201d, puntualiz\u00f3 Marcela .Otros objetivos de la expo radican en crear conciencia entre la poblaci\u00f3n sobre la importancia de esterilizar a los mininos, as\u00ed como erradicar los mitos que a lo largo del tiempo han pasado por ellos.<\/p>\n<p>&nbsp;<\/p>\n<p>Expo Vive Gatito se llevar\u00e1 a cabo ma\u00f1ana 3 de Julio en Expo Reforma, ubicada en la calle Morelos n\u00famero 67, en la colonia Ju\u00e1rez. Desde las 10 de la ma\u00f1ana hasta las 8 de la noche, los amantes de los felinos podr\u00e1n encontrar m\u00e1s de 60 marcas independientes, que contar\u00e1n con productos \u2013la mayor\u00eda artesanales y \u00fanicos\u2013 tanto para las mascotas, como para vestir, \u00a1todos con tem\u00e1tica felina!: Zapatos, bolsas, ropa, y m\u00e1s. Asimismo, podr\u00e1n degustar bebidas alimentos org\u00e1nicos, veganos y verdes.<\/p>\n<p>&nbsp;<\/p>\n<p>La parte importante de la expo es recaudar donativos en especie y superar la meta de diez toneladas de alimento y arena, mismas que se repartir\u00e1n entre los refugios invitados, que ayudan entre todos a mil 500 gatos. Por el bienestar de los mininos, Marcela recomienda no llevarlos a la expo, y en caso de hacerlo, llevar arn\u00e9s y\/o transportadora para mantenerlos seguros y por si se estresan.<\/p>\n","protected":false},"excerpt":{"rendered":"<p>&nbsp; Por quinto a\u00f1o consecutivo, la Ciudad de M\u00e9xico se llenar\u00e1 de orejas y bigotes con la presencia del \u00fanico evento en Latinoam\u00e9rica dedicado totalmente a los mininos y a quienes aman consentirlos: Expo Vive Gatito 2016 llega ya a la capital. El evento busca recaudar alimento, arena, camas, transportadoras y todo lo necesario para &hellip; <\/p>\n<p><a class=\"more-link btn\" href=\"https:\/\/lamendigapolitica.com\/?p=38014\">Seguir leyendo<\/a><\/p>\n","protected":false},"author":1,"featured_media":0,"comment_status":"open","ping_status":"closed","sticky":false,"template":"","format":"standard","meta":{"footnotes":""},"categories":[6,26,20,5,29,22,24],"tags":[],"class_list":["post-38014","post","type-post","status-publish","format-standard","hentry","category-congreso","category-cultura","category-gobierno","category-partidos","category-salud","category-sociales","category-turismo","item-wrap"],"_links":{"self":[{"href":"https:\/\/lamendigapolitica.com\/index.php?rest_route=\/wp\/v2\/posts\/38014","targetHints":{"allow":["GET"]}}],"collection":[{"href":"https:\/\/lamendigapolitica.com\/index.php?rest_route=\/wp\/v2\/posts"}],"about":[{"href":"https:\/\/lamendigapolitica.com\/index.php?rest_route=\/wp\/v2\/types\/post"}],"author":[{"embeddable":true,"href":"https:\/\/lamendigapolitica.com\/index.php?rest_route=\/wp\/v2\/users\/1"}],"replies":[{"embeddable":true,"href":"https:\/\/lamendigapolitica.com\/index.php?rest_route=%2Fwp%2Fv2%2Fcomments&post=38014"}],"version-history":[{"count":1,"href":"https:\/\/lamendigapolitica.com\/index.php?rest_route=\/wp\/v2\/posts\/38014\/revisions"}],"predecessor-version":[{"id":38016,"href":"https:\/\/lamendigapolitica.com\/index.php?rest_route=\/wp\/v2\/posts\/38014\/revisions\/38016"}],"wp:attachment":[{"href":"https:\/\/lamendigapolitica.com\/index.php?rest_route=%2Fwp%2Fv2%2Fmedia&parent=38014"}],"wp:term":[{"taxonomy":"category","embeddable":true,"href":"https:\/\/lamendigapolitica.com\/index.php?rest_route=%2Fwp%2Fv2%2Fcategories&post=38014"},{"taxonomy":"post_tag","embeddable":true,"href":"https:\/\/lamendigapolitica.com\/index.php?rest_route=%2Fwp%2Fv2%2Ftags&post=38014"}],"curies":[{"name":"wp","href":"https:\/\/api.w.org\/{rel}","templated":true}]}}