{"id":38011,"date":"2016-07-02T11:11:00","date_gmt":"2016-07-02T16:11:00","guid":{"rendered":"http:\/\/lamendigapolitica.com\/blog\/?p=38011"},"modified":"2016-07-02T11:11:00","modified_gmt":"2016-07-02T16:11:00","slug":"la-desaparicion-forzada-como-cosa-normal-en-mexico","status":"publish","type":"post","link":"https:\/\/lamendigapolitica.com\/?p=38011","title":{"rendered":"La desaparici\u00f3n forzada como cosa \u201cnormal\u201d en M\u00e9xico"},"content":{"rendered":"<p><a href=\"https:\/\/lamendigapolitica.com\/blog\/blog\/wp-content\/uploads\/2016\/07\/desaparicion.jpg\" rel=\"attachment wp-att-38012\"><img loading=\"lazy\" decoding=\"async\" class=\"aligncenter  wp-image-38012\" src=\"https:\/\/lamendigapolitica.com\/blog\/blog\/wp-content\/uploads\/2016\/07\/desaparicion.jpg\" alt=\"desaparicion\" width=\"355\" height=\"199\" \/><\/a><\/p>\n<p>&nbsp;<\/p>\n<p>El representante en M\u00e9xico de la Oficina del Alto Comisionado de Naciones Unidas para los Derechos Humanos (ONU-DH M\u00e9xico), Jan Jarab, consider\u00f3 que el Gobierno de M\u00e9xico ha fracasado en la pol\u00edticas para enfrentar las desapariciones forzadas, publica hoy SinEmbargo.<\/p>\n<p>&nbsp;<\/p>\n<p>\u201cNo hemos podido evitar que las desapariciones se hayan convertido en este pa\u00eds en una situaci\u00f3n aparentemente normal para algunas instituciones, no se ha avanzado lo suficiente en la b\u00fasqueda de personas desaparecidas, ni en las investigaciones para llevar ante la justicia a los responsables de uno de los cr\u00edmenes m\u00e1s horribles\u201d, dijo Jan Jarab en la presentaci\u00f3n de la campa\u00f1a \u201cNo Olvidamos. Un llamado a la justicia\u201d, impulsada por organizaciones sociales.<\/p>\n<p>&nbsp;<\/p>\n<p>El representante del organismo internacional se\u00f1al\u00f3 que las campa\u00f1as de este tipo ponen en evidencia \u201cque algunas acciones institucionales no se llevaron a cabo de la manera adecuada, que faltan muchas m\u00e1s por realizar\u201d y consider\u00f3 que la misma es \u201curgente y necesaria en M\u00e9xico\u201d. Jarab destac\u00f3 tambi\u00e9n que son las familias de los desaparecidos las que \u201chan asumido enormes riesgos por exigir justicia y verdad\u201d.<\/p>\n<p>&nbsp;<\/p>\n<p>El funcionario arrib\u00f3 a mediados el mes pasado a nuestro pa\u00eds y fungir\u00e1 como nuevo Representante en M\u00e9xico de la Oficina del Alto Comisionado de las Naciones Unidas para los Derechos Humanos y dar\u00e1 seguimiento a las observaciones y hallazgos hechos por el Alto Comisionado de la ONU para los Derechos Humanos,\u00a0 Zeid Ra\u2019ad Al Hussein, durante su visita a M\u00e9xico en octubre 2015.<\/p>\n","protected":false},"excerpt":{"rendered":"<p>&nbsp; El representante en M\u00e9xico de la Oficina del Alto Comisionado de Naciones Unidas para los Derechos Humanos (ONU-DH M\u00e9xico), Jan Jarab, consider\u00f3 que el Gobierno de M\u00e9xico ha fracasado en la pol\u00edticas para enfrentar las desapariciones forzadas, publica hoy SinEmbargo. &nbsp; \u201cNo hemos podido evitar que las desapariciones se hayan convertido en este pa\u00eds &hellip; <\/p>\n<p><a class=\"more-link btn\" href=\"https:\/\/lamendigapolitica.com\/?p=38011\">Seguir leyendo<\/a><\/p>\n","protected":false},"author":1,"featured_media":0,"comment_status":"open","ping_status":"closed","sticky":false,"template":"","format":"standard","meta":{"footnotes":""},"categories":[6,20,31,5,3,27],"tags":[],"class_list":["post-38011","post","type-post","status-publish","format-standard","hentry","category-congreso","category-gobierno","category-internacional","category-partidos","category-politica","category-seguridad","item-wrap"],"_links":{"self":[{"href":"https:\/\/lamendigapolitica.com\/index.php?rest_route=\/wp\/v2\/posts\/38011","targetHints":{"allow":["GET"]}}],"collection":[{"href":"https:\/\/lamendigapolitica.com\/index.php?rest_route=\/wp\/v2\/posts"}],"about":[{"href":"https:\/\/lamendigapolitica.com\/index.php?rest_route=\/wp\/v2\/types\/post"}],"author":[{"embeddable":true,"href":"https:\/\/lamendigapolitica.com\/index.php?rest_route=\/wp\/v2\/users\/1"}],"replies":[{"embeddable":true,"href":"https:\/\/lamendigapolitica.com\/index.php?rest_route=%2Fwp%2Fv2%2Fcomments&post=38011"}],"version-history":[{"count":1,"href":"https:\/\/lamendigapolitica.com\/index.php?rest_route=\/wp\/v2\/posts\/38011\/revisions"}],"predecessor-version":[{"id":38013,"href":"https:\/\/lamendigapolitica.com\/index.php?rest_route=\/wp\/v2\/posts\/38011\/revisions\/38013"}],"wp:attachment":[{"href":"https:\/\/lamendigapolitica.com\/index.php?rest_route=%2Fwp%2Fv2%2Fmedia&parent=38011"}],"wp:term":[{"taxonomy":"category","embeddable":true,"href":"https:\/\/lamendigapolitica.com\/index.php?rest_route=%2Fwp%2Fv2%2Fcategories&post=38011"},{"taxonomy":"post_tag","embeddable":true,"href":"https:\/\/lamendigapolitica.com\/index.php?rest_route=%2Fwp%2Fv2%2Ftags&post=38011"}],"curies":[{"name":"wp","href":"https:\/\/api.w.org\/{rel}","templated":true}]}}