{"id":37999,"date":"2016-07-02T09:28:53","date_gmt":"2016-07-02T14:28:53","guid":{"rendered":"http:\/\/lamendigapolitica.com\/blog\/?p=37999"},"modified":"2016-07-02T09:28:53","modified_gmt":"2016-07-02T14:28:53","slug":"exigen-activar-alerta-de-genero-en-guerrero","status":"publish","type":"post","link":"https:\/\/lamendigapolitica.com\/?p=37999","title":{"rendered":"Exigen activar Alerta de G\u00e9nero en Guerrero"},"content":{"rendered":"<p><a href=\"https:\/\/lamendigapolitica.com\/blog\/blog\/wp-content\/uploads\/2016\/07\/alerta.jpg\" rel=\"attachment wp-att-38000\"><img loading=\"lazy\" decoding=\"async\" class=\"aligncenter  wp-image-38000\" src=\"https:\/\/lamendigapolitica.com\/blog\/blog\/wp-content\/uploads\/2016\/07\/alerta.jpg\" alt=\"alerta\" width=\"392\" height=\"204\" srcset=\"https:\/\/lamendigapolitica.com\/wp-content\/uploads\/2016\/07\/alerta.jpg 311w, https:\/\/lamendigapolitica.com\/wp-content\/uploads\/2016\/07\/alerta-300x156.jpg 300w\" sizes=\"auto, (max-width: 392px) 100vw, 392px\" \/><\/a><\/p>\n<p>&nbsp;<\/p>\n<p>De 2003 a 2015 se han registrado dos mil 774 casos de asesinatos de mujeres en ocho municipios del estado de Guerrero, aseguraron integrantes de la Alianza Feminista, quienes confiaron en que esta cifra sea suficiente para que el Ejecutivo federal emita la Alerta de Violencia de G\u00e9nero (AVG) en la entidad, publica hoy 24 Horas.<\/p>\n<p>&nbsp;<\/p>\n<p>Representantes populares y de organizaciones civiles, acad\u00e9micas, investigadoras y activistas lamentaron que se registren altos \u00edndices de asesinatos de mujeres, pero consideraron m\u00e1s grave la impunidad con que se cometen, ya que muy pocos casos han sido castigados por lo que entregaron la solicitud de AVG para Guerrero al Instituto Nacional de Mujeres (Inmujeres), la cual se analizar\u00e1 y en pr\u00f3ximos d\u00edas la instancia informar\u00e1 si procede o no.<\/p>\n<p>&nbsp;<\/p>\n<p>Es en el puerto de Acapulco donde se han registrado m\u00e1s homicidios de mujeres, y en ese orden le siguen Chilpancingo, Iguala, Jos\u00e9 Azueta, Coyuca de Catal\u00e1n, Ometepec, Tlapa y Ayutla, afirman en su estudio las activistas. Otra cifra que expusieron fue que el estado ocupa el primer lugar en asesinatos de mujeres entre los 15 y 30 a\u00f1os de edad a nivel nacional.<\/p>\n<p>&nbsp;<\/p>\n<p>Desde diciembre pasado, en el Congreso local legisladores de Movimiento Ciudadano propusieron que se solicitara la AVG, pero la iniciativa no fue apoyada por el resto de las bancadas bajo el argumento de la proximidad de las vacaciones y que afectar\u00eda los destinos tur\u00edsticos. Adem\u00e1s \u2013dijeron las fracciones contrarias a la propuesta\u2013 no hab\u00eda una petici\u00f3n formal por parte de organizaciones sociales defensoras de los derechos de las mujeres.<\/p>\n<p>&nbsp;<\/p>\n<p>Las activistas confiaron en que si el Ejecutivo federal emite la AVG para Guerrero se podr\u00e1 contar con los recursos econ\u00f3micos y estrategias coordinadas entre los tres niveles de gobierno, para abatir el \u00edndice de homicidios contra las guerrerenses.<\/p>\n","protected":false},"excerpt":{"rendered":"<p>&nbsp; De 2003 a 2015 se han registrado dos mil 774 casos de asesinatos de mujeres en ocho municipios del estado de Guerrero, aseguraron integrantes de la Alianza Feminista, quienes confiaron en que esta cifra sea suficiente para que el Ejecutivo federal emita la Alerta de Violencia de G\u00e9nero (AVG) en la entidad, publica hoy &hellip; <\/p>\n<p><a class=\"more-link btn\" href=\"https:\/\/lamendigapolitica.com\/?p=37999\">Seguir leyendo<\/a><\/p>\n","protected":false},"author":1,"featured_media":0,"comment_status":"open","ping_status":"closed","sticky":false,"template":"","format":"standard","meta":{"footnotes":""},"categories":[6,28,20,5,3,29,27,22],"tags":[],"class_list":["post-37999","post","type-post","status-publish","format-standard","hentry","category-congreso","category-educacion","category-gobierno","category-partidos","category-politica","category-salud","category-seguridad","category-sociales","item-wrap"],"_links":{"self":[{"href":"https:\/\/lamendigapolitica.com\/index.php?rest_route=\/wp\/v2\/posts\/37999","targetHints":{"allow":["GET"]}}],"collection":[{"href":"https:\/\/lamendigapolitica.com\/index.php?rest_route=\/wp\/v2\/posts"}],"about":[{"href":"https:\/\/lamendigapolitica.com\/index.php?rest_route=\/wp\/v2\/types\/post"}],"author":[{"embeddable":true,"href":"https:\/\/lamendigapolitica.com\/index.php?rest_route=\/wp\/v2\/users\/1"}],"replies":[{"embeddable":true,"href":"https:\/\/lamendigapolitica.com\/index.php?rest_route=%2Fwp%2Fv2%2Fcomments&post=37999"}],"version-history":[{"count":1,"href":"https:\/\/lamendigapolitica.com\/index.php?rest_route=\/wp\/v2\/posts\/37999\/revisions"}],"predecessor-version":[{"id":38001,"href":"https:\/\/lamendigapolitica.com\/index.php?rest_route=\/wp\/v2\/posts\/37999\/revisions\/38001"}],"wp:attachment":[{"href":"https:\/\/lamendigapolitica.com\/index.php?rest_route=%2Fwp%2Fv2%2Fmedia&parent=37999"}],"wp:term":[{"taxonomy":"category","embeddable":true,"href":"https:\/\/lamendigapolitica.com\/index.php?rest_route=%2Fwp%2Fv2%2Fcategories&post=37999"},{"taxonomy":"post_tag","embeddable":true,"href":"https:\/\/lamendigapolitica.com\/index.php?rest_route=%2Fwp%2Fv2%2Ftags&post=37999"}],"curies":[{"name":"wp","href":"https:\/\/api.w.org\/{rel}","templated":true}]}}