{"id":37996,"date":"2016-07-02T09:27:10","date_gmt":"2016-07-02T14:27:10","guid":{"rendered":"http:\/\/lamendigapolitica.com\/blog\/?p=37996"},"modified":"2016-07-02T09:27:10","modified_gmt":"2016-07-02T14:27:10","slug":"prd-alista-consejo-nacional-para-sustituir-a-basave","status":"publish","type":"post","link":"https:\/\/lamendigapolitica.com\/?p=37996","title":{"rendered":"PRD alista Consejo Nacional para sustituir a Basave"},"content":{"rendered":"<p><a href=\"https:\/\/lamendigapolitica.com\/blog\/blog\/wp-content\/uploads\/2016\/07\/basave.jpg\" rel=\"attachment wp-att-37997\"><img loading=\"lazy\" decoding=\"async\" class=\"aligncenter size-full wp-image-37997\" src=\"https:\/\/lamendigapolitica.com\/blog\/blog\/wp-content\/uploads\/2016\/07\/basave.jpg\" alt=\"basave\" width=\"301\" height=\"167\" srcset=\"https:\/\/lamendigapolitica.com\/wp-content\/uploads\/2016\/07\/basave.jpg 301w, https:\/\/lamendigapolitica.com\/wp-content\/uploads\/2016\/07\/basave-300x166.jpg 300w\" sizes=\"auto, (max-width: 301px) 100vw, 301px\" \/><\/a><\/p>\n<p>&nbsp;<\/p>\n<p>El Partido de la Revoluci\u00f3n Democr\u00e1tica (PRD) alista el s\u00e9ptimo pleno extraordinario del IX Consejo Nacional, en el que deber\u00e1 nombrar al sucesor de Agust\u00edn Basave Ben\u00edtez en la presidencia nacional, quien present\u00f3 su renuncia con fecha 2 de julio. El pleno del Consejo Nacional est\u00e1 citado hoy s\u00e1bado en la Expo Reforma, a una sesi\u00f3n que se prev\u00e9 marat\u00f3nica, debido a que a\u00fan no existe un consenso entre las diferentes corrientes internas, en torno a qui\u00e9n deber\u00e1 concluir el periodo 2014-2017 en la presidencia del PRD.<\/p>\n<p>&nbsp;<\/p>\n<p>De acuerdo con la orden del d\u00eda que dio a conocer el PRD, para la realizaci\u00f3n del pleno se iniciar\u00e1 con la verificaci\u00f3n y, en su caso, declaraci\u00f3n del qu\u00f3rum legal, la instalaci\u00f3n de la sesi\u00f3n y la lectura del acta anterior. Los consejeros conocer\u00e1n entonces el texto de la renuncia del todav\u00eda presidente Agust\u00edn Basave y de inmediato se abrir\u00e1 un espacio para recibir las solicitudes de \u201cintenci\u00f3n\u201d para ocupar ese cargo, aunque se prev\u00e9 que puedan declarar un receso, en espera de que haya un acuerdo de las corrientes sobre el tema.<\/p>\n<p>&nbsp;<\/p>\n<p>Despu\u00e9s, se realizar\u00e1 la votaci\u00f3n y el nombramiento del presidente o presidenta nacional, un mensaje de quien resulte electo y por \u00faltimo se discutir\u00e1 y, en su caso, aprobar\u00e1 la solicitud de registro de una nueva corriente llamada \u201cIniciativa Galileos\u201d. De acuerdo con versiones de los propios perredistas, la actual secretaria de Educaci\u00f3n del gobierno capitalino, Alejandra Barrales, que integra la corriente Vanguardia Progresista, af\u00edn al jefe de gobierno, Miguel \u00c1ngel Mancera, es mencionada como la eventual sustituta de Basave Ben\u00edtez.<\/p>\n<p>&nbsp;<\/p>\n<p>Sin embargo, por la pol\u00edtica estatutaria de ese partido, al tener a una mujer al frente de la presidencia nacional, el siguiente cargo, la Secretar\u00eda General, tendr\u00eda que ser ocupado por un hombre, pero en este momento lo ejerce Beatriz Mojica, quien no ha renunciado, pero tambi\u00e9n aspira a presidir al organismo.<\/p>\n","protected":false},"excerpt":{"rendered":"<p>&nbsp; El Partido de la Revoluci\u00f3n Democr\u00e1tica (PRD) alista el s\u00e9ptimo pleno extraordinario del IX Consejo Nacional, en el que deber\u00e1 nombrar al sucesor de Agust\u00edn Basave Ben\u00edtez en la presidencia nacional, quien present\u00f3 su renuncia con fecha 2 de julio. El pleno del Consejo Nacional est\u00e1 citado hoy s\u00e1bado en la Expo Reforma, a &hellip; <\/p>\n<p><a class=\"more-link btn\" href=\"https:\/\/lamendigapolitica.com\/?p=37996\">Seguir leyendo<\/a><\/p>\n","protected":false},"author":1,"featured_media":0,"comment_status":"open","ping_status":"closed","sticky":false,"template":"","format":"standard","meta":{"footnotes":""},"categories":[6,20,5,3],"tags":[],"class_list":["post-37996","post","type-post","status-publish","format-standard","hentry","category-congreso","category-gobierno","category-partidos","category-politica","item-wrap"],"_links":{"self":[{"href":"https:\/\/lamendigapolitica.com\/index.php?rest_route=\/wp\/v2\/posts\/37996","targetHints":{"allow":["GET"]}}],"collection":[{"href":"https:\/\/lamendigapolitica.com\/index.php?rest_route=\/wp\/v2\/posts"}],"about":[{"href":"https:\/\/lamendigapolitica.com\/index.php?rest_route=\/wp\/v2\/types\/post"}],"author":[{"embeddable":true,"href":"https:\/\/lamendigapolitica.com\/index.php?rest_route=\/wp\/v2\/users\/1"}],"replies":[{"embeddable":true,"href":"https:\/\/lamendigapolitica.com\/index.php?rest_route=%2Fwp%2Fv2%2Fcomments&post=37996"}],"version-history":[{"count":1,"href":"https:\/\/lamendigapolitica.com\/index.php?rest_route=\/wp\/v2\/posts\/37996\/revisions"}],"predecessor-version":[{"id":37998,"href":"https:\/\/lamendigapolitica.com\/index.php?rest_route=\/wp\/v2\/posts\/37996\/revisions\/37998"}],"wp:attachment":[{"href":"https:\/\/lamendigapolitica.com\/index.php?rest_route=%2Fwp%2Fv2%2Fmedia&parent=37996"}],"wp:term":[{"taxonomy":"category","embeddable":true,"href":"https:\/\/lamendigapolitica.com\/index.php?rest_route=%2Fwp%2Fv2%2Fcategories&post=37996"},{"taxonomy":"post_tag","embeddable":true,"href":"https:\/\/lamendigapolitica.com\/index.php?rest_route=%2Fwp%2Fv2%2Ftags&post=37996"}],"curies":[{"name":"wp","href":"https:\/\/api.w.org\/{rel}","templated":true}]}}