{"id":37993,"date":"2016-07-02T09:25:53","date_gmt":"2016-07-02T14:25:53","guid":{"rendered":"http:\/\/lamendigapolitica.com\/blog\/?p=37993"},"modified":"2016-07-02T09:25:53","modified_gmt":"2016-07-02T14:25:53","slug":"seccion-22-evitara-provocaciones-prefiere-el-dialogo","status":"publish","type":"post","link":"https:\/\/lamendigapolitica.com\/?p=37993","title":{"rendered":"Secci\u00f3n 22 evitar\u00e1 provocaciones, prefiere el di\u00e1logo"},"content":{"rendered":"<p><a href=\"https:\/\/lamendigapolitica.com\/blog\/blog\/wp-content\/uploads\/2016\/07\/secc-22.jpg\" rel=\"attachment wp-att-37994\"><img loading=\"lazy\" decoding=\"async\" class=\"aligncenter  wp-image-37994\" src=\"https:\/\/lamendigapolitica.com\/blog\/blog\/wp-content\/uploads\/2016\/07\/secc-22.jpg\" alt=\"secc 22\" width=\"367\" height=\"224\" \/><\/a><\/p>\n<p>&nbsp;<\/p>\n<p>La Secci\u00f3n 22 de la Coordinadora Nacional de Trabajadores de la Educaci\u00f3n (CNTE), asegura que no caer\u00e1 en la violencia, pues siempre le ha apostado al di\u00e1logo, y solo tratan de lograr avances principalmente en el tema educativo, el integrante de la Comisi\u00f3n Pol\u00edtica, Juan Garc\u00eda Garc\u00eda, dijo esto ante el anuncio del secretario de Gobernaci\u00f3n, Miguel \u00c1ngel Osorio Chong, de iniciar en breve acciones para desbloquear las carreteras del estado.<\/p>\n<p>&nbsp;<\/p>\n<p>Garc\u00eda Garc\u00eda advirti\u00f3 que no prev\u00e9n llegar a la violencia, pues siempre buscan a trav\u00e9s de acuerdos, tener soluciones a los problemas, por ello han presentado un pliego de peticiones en dos ocasiones desde hace un a\u00f1o. La federaci\u00f3n, medios de comunicaci\u00f3n a su servicio y c\u00e1maras empresariales pretenden justificar la violencia, lo que se ha tratado de hacer a trav\u00e9s de infiltrados, a\u00f1adi\u00f3.<\/p>\n<p>&nbsp;<\/p>\n<p>En un comunicado enviado por la Secci\u00f3n 22, niegan que haya desabasto de comida y gasolina en las comunidades de Oaxaca y Chiapas, \u201ces una forma de preparar el terreno para escaladas represivas por parte del gobierno, moviendo la opini\u00f3n p\u00fablica hacia la necesidad de garantizar alimento y combustible para la poblaci\u00f3n, aunque sea con el uso de la fuerza, en ese sentido van las apariciones del secretario de Gobernaci\u00f3n Miguel \u00c1ngel Osorio Chong, crear temor y angustia entre los maestros y entre la poblaci\u00f3n general\u201d.<\/p>\n<p>&nbsp;<\/p>\n<p>Mencionan en el documento que sus actividades est\u00e1n apegadas al Plan de Acci\u00f3n dise\u00f1ados en la Asamblea Nacional Representativa de la CNTE, \u201cEste Movimiento Democr\u00e1tico de Trabajadores de la Educaci\u00f3n (MDTEO) ha manifestado desde el inicio de la jornada de lucha, la disposici\u00f3n al di\u00e1logo y negociaci\u00f3n fruct\u00edferos para el pueblo y la educaci\u00f3n de M\u00e9xico\u201d.<\/p>\n","protected":false},"excerpt":{"rendered":"<p>&nbsp; La Secci\u00f3n 22 de la Coordinadora Nacional de Trabajadores de la Educaci\u00f3n (CNTE), asegura que no caer\u00e1 en la violencia, pues siempre le ha apostado al di\u00e1logo, y solo tratan de lograr avances principalmente en el tema educativo, el integrante de la Comisi\u00f3n Pol\u00edtica, Juan Garc\u00eda Garc\u00eda, dijo esto ante el anuncio del secretario &hellip; <\/p>\n<p><a class=\"more-link btn\" href=\"https:\/\/lamendigapolitica.com\/?p=37993\">Seguir leyendo<\/a><\/p>\n","protected":false},"author":1,"featured_media":0,"comment_status":"open","ping_status":"closed","sticky":false,"template":"","format":"standard","meta":{"footnotes":""},"categories":[6,28,20,5,27],"tags":[],"class_list":["post-37993","post","type-post","status-publish","format-standard","hentry","category-congreso","category-educacion","category-gobierno","category-partidos","category-seguridad","item-wrap"],"_links":{"self":[{"href":"https:\/\/lamendigapolitica.com\/index.php?rest_route=\/wp\/v2\/posts\/37993","targetHints":{"allow":["GET"]}}],"collection":[{"href":"https:\/\/lamendigapolitica.com\/index.php?rest_route=\/wp\/v2\/posts"}],"about":[{"href":"https:\/\/lamendigapolitica.com\/index.php?rest_route=\/wp\/v2\/types\/post"}],"author":[{"embeddable":true,"href":"https:\/\/lamendigapolitica.com\/index.php?rest_route=\/wp\/v2\/users\/1"}],"replies":[{"embeddable":true,"href":"https:\/\/lamendigapolitica.com\/index.php?rest_route=%2Fwp%2Fv2%2Fcomments&post=37993"}],"version-history":[{"count":1,"href":"https:\/\/lamendigapolitica.com\/index.php?rest_route=\/wp\/v2\/posts\/37993\/revisions"}],"predecessor-version":[{"id":37995,"href":"https:\/\/lamendigapolitica.com\/index.php?rest_route=\/wp\/v2\/posts\/37993\/revisions\/37995"}],"wp:attachment":[{"href":"https:\/\/lamendigapolitica.com\/index.php?rest_route=%2Fwp%2Fv2%2Fmedia&parent=37993"}],"wp:term":[{"taxonomy":"category","embeddable":true,"href":"https:\/\/lamendigapolitica.com\/index.php?rest_route=%2Fwp%2Fv2%2Fcategories&post=37993"},{"taxonomy":"post_tag","embeddable":true,"href":"https:\/\/lamendigapolitica.com\/index.php?rest_route=%2Fwp%2Fv2%2Ftags&post=37993"}],"curies":[{"name":"wp","href":"https:\/\/api.w.org\/{rel}","templated":true}]}}