{"id":37990,"date":"2016-07-01T19:21:49","date_gmt":"2016-07-02T00:21:49","guid":{"rendered":"http:\/\/lamendigapolitica.com\/blog\/?p=37990"},"modified":"2016-07-01T19:21:49","modified_gmt":"2016-07-02T00:21:49","slug":"anuncio-de-osorio-no-nos-intimida-ceteg","status":"publish","type":"post","link":"https:\/\/lamendigapolitica.com\/?p=37990","title":{"rendered":"Anuncio de Osorio no nos intimida: CETEG"},"content":{"rendered":"<p><a href=\"https:\/\/lamendigapolitica.com\/blog\/blog\/wp-content\/uploads\/2016\/07\/ceteg.jpg\" rel=\"attachment wp-att-37991\"><img loading=\"lazy\" decoding=\"async\" class=\"aligncenter size-full wp-image-37991\" src=\"https:\/\/lamendigapolitica.com\/blog\/blog\/wp-content\/uploads\/2016\/07\/ceteg.jpg\" alt=\"ceteg\" width=\"300\" height=\"168\" \/><\/a><\/p>\n<p>&nbsp;<\/p>\n<p>Integrantes de la Coordinadora Estatal de Trabajadores de la Educaci\u00f3n en Guerrero (CETEG) dicen que no les sorprendi\u00f3 el anuncio del secretario de Gobernaci\u00f3n (Segob), Miguel \u00c1ngel Osorio Chong, al afirmar que los bloqueos \u201cdeben terminar\u201d.<\/p>\n<p>&nbsp;<\/p>\n<p>\u201cEscuchamos nosotros este anuncio que hace Miguel \u00c1ngel Osorio Chong. No nos sorprende. Entendemos nosotros su poca capacidad para conducir un di\u00e1logo a una ruta para distender este conflicto que obedece a demandas por parte del magisterio\u201d, se\u00f1al\u00f3 Walter A\u00f1orve, dirigente de la CETEG. Entrevistado en el noticiero de Paola Rojas, el l\u00edder magisterial apunt\u00f3 que \u201cante la cerraz\u00f3n a la movilizaci\u00f3n lo que vamos a hacer es intensificarla.\u201d Dijo que el bloqueo de este d\u00eda en la Autopista que conecta a la Ciudad de M\u00e9xico con Acapulco \u201ces s\u00f3lo el comienzo\u201d.<\/p>\n<p>&nbsp;<\/p>\n<p>Asegur\u00f3 que la advertencia del encargado de la pol\u00edtica interior \u201cno nos intimida a pesar de que sigan realizando todas estas aberraciones con esta cacer\u00eda contra el movimiento magisterial, encerrando a los compa\u00f1eros de las dirigencias de diferentes regiones\u201d.Asever\u00f3 que el encargado de la pol\u00edtica interna \u201ctiene las manos manchadas de sangre, la historia finalmente pondr\u00e1 a cada quien en su lugar. Y definitivamente para nosotros no nos queda m\u00e1s que demostrar la fortaleza de la CNTE\u2026\u201d.<\/p>\n<p>&nbsp;<\/p>\n<p>Sentenci\u00f3 que est\u00e1n \u201cdispuestos a todo. Vamos a defender y cuando hablamos de todo, hablamos de todo. Vamos a defender con nuestra vida, con nuestro coraz\u00f3n, lo que nosotros consideramos una lucha justa.\u201d Al ser cuestionados si descartaban el uso de la violencia, respondi\u00f3: \u201cLo que no descartamos es permitir que nos sigan golpeando, seguir poniendo la mejilla. Como a ellos se les acaba la tolerancia, a nosotros tambi\u00e9n a nosotros se nos acaba la tolerancia de seguir poniendo los muertos.\u201d<\/p>\n<p>&nbsp;<\/p>\n<p>Aclar\u00f3 que sus manifestaciones han sido pac\u00edficas y si salen a las calles es para exigir lo que consideran justos. Tras el anuncio de la Segob, acot\u00f3 establecer\u00e1n \u201ctoda nuestra t\u00e1ctica y estrategia de la CNTE a un alto grado\u201d, lo cual significa que \u201cnuestra instancia direcci\u00f3n ser\u00e1n las que tomar\u00e1n las decisiones. No descartamos que estas movilizaciones se intensifiquen. No estamos expresando que queremos la violencia.\u201d<\/p>\n","protected":false},"excerpt":{"rendered":"<p>&nbsp; Integrantes de la Coordinadora Estatal de Trabajadores de la Educaci\u00f3n en Guerrero (CETEG) dicen que no les sorprendi\u00f3 el anuncio del secretario de Gobernaci\u00f3n (Segob), Miguel \u00c1ngel Osorio Chong, al afirmar que los bloqueos \u201cdeben terminar\u201d. &nbsp; \u201cEscuchamos nosotros este anuncio que hace Miguel \u00c1ngel Osorio Chong. No nos sorprende. Entendemos nosotros su poca &hellip; <\/p>\n<p><a class=\"more-link btn\" href=\"https:\/\/lamendigapolitica.com\/?p=37990\">Seguir leyendo<\/a><\/p>\n","protected":false},"author":1,"featured_media":0,"comment_status":"open","ping_status":"closed","sticky":false,"template":"","format":"standard","meta":{"footnotes":""},"categories":[6,30,28,20,5,3,27],"tags":[],"class_list":["post-37990","post","type-post","status-publish","format-standard","hentry","category-congreso","category-economia","category-educacion","category-gobierno","category-partidos","category-politica","category-seguridad","item-wrap"],"_links":{"self":[{"href":"https:\/\/lamendigapolitica.com\/index.php?rest_route=\/wp\/v2\/posts\/37990","targetHints":{"allow":["GET"]}}],"collection":[{"href":"https:\/\/lamendigapolitica.com\/index.php?rest_route=\/wp\/v2\/posts"}],"about":[{"href":"https:\/\/lamendigapolitica.com\/index.php?rest_route=\/wp\/v2\/types\/post"}],"author":[{"embeddable":true,"href":"https:\/\/lamendigapolitica.com\/index.php?rest_route=\/wp\/v2\/users\/1"}],"replies":[{"embeddable":true,"href":"https:\/\/lamendigapolitica.com\/index.php?rest_route=%2Fwp%2Fv2%2Fcomments&post=37990"}],"version-history":[{"count":1,"href":"https:\/\/lamendigapolitica.com\/index.php?rest_route=\/wp\/v2\/posts\/37990\/revisions"}],"predecessor-version":[{"id":37992,"href":"https:\/\/lamendigapolitica.com\/index.php?rest_route=\/wp\/v2\/posts\/37990\/revisions\/37992"}],"wp:attachment":[{"href":"https:\/\/lamendigapolitica.com\/index.php?rest_route=%2Fwp%2Fv2%2Fmedia&parent=37990"}],"wp:term":[{"taxonomy":"category","embeddable":true,"href":"https:\/\/lamendigapolitica.com\/index.php?rest_route=%2Fwp%2Fv2%2Fcategories&post=37990"},{"taxonomy":"post_tag","embeddable":true,"href":"https:\/\/lamendigapolitica.com\/index.php?rest_route=%2Fwp%2Fv2%2Ftags&post=37990"}],"curies":[{"name":"wp","href":"https:\/\/api.w.org\/{rel}","templated":true}]}}